{"id":7642,"date":"2025-10-18T10:49:06","date_gmt":"2025-10-18T08:49:06","guid":{"rendered":"https:\/\/agora.xtec.cat\/ceip-marinada-barcelona\/?p=7642"},"modified":"2025-10-18T10:50:01","modified_gmt":"2025-10-18T08:50:01","slug":"som-la-classe-dels-cargols","status":"publish","type":"post","link":"https:\/\/agora.xtec.cat\/ceip-marinada-barcelona\/infantil\/som-la-classe-dels-cargols\/","title":{"rendered":"Som la classe dels cargols"},"content":{"rendered":"<p>Els nens i nenes de la classe d\u2019I3 ja hem triat nom i som la classe dels CARGOLS, ja que \u00e9s un animal que surt al conte \u201cAnimals\u201d i l\u2019hem votat com el que m\u00e9s ens agrada.<br \/>\nA continuaci\u00f3 podeu veure com ens estem adaptant, i com \u00e9s un dia a la nostra aula. Ja no plorem, nom\u00e9s una mica en els comiats (ja que ens costa dir ad\u00e9u a les fam\u00edlies), per\u00f2 a la classe ens ho passem molt b\u00e9.<br \/>\nJuguem, manipulem, pintem amb les mans, esmorzem tots junts, fem rotllana, sortim al pati, fem de metges a racons de joc simb\u00f2lic o anem al mercat,&#8230; s\u00f3n algunes de les activitats i propostes que fem a l\u2019escola.<br \/>\nEns estem fent grans!<\/p>\n<p style=\"text-align: center;\"><iframe loading=\"lazy\" src=\"https:\/\/drive.google.com\/file\/d\/14vGq_a6wJ9-r-8RkRl5bX5EVxTQ_inai\/preview\" width=\"640\" height=\"480\"><span data-mce-type=\"bookmark\" style=\"display: inline-block; width: 0px; overflow: hidden; line-height: 0;\" class=\"mce_SELRES_start\">\ufeff<\/span><span data-mce-type=\"bookmark\" style=\"display: inline-block; width: 0px; overflow: hidden; line-height: 0;\" class=\"mce_SELRES_start\"><\/span><span data-mce-type=\"bookmark\" style=\"display: inline-block; width: 0px; overflow: hidden; line-height: 0;\" class=\"mce_SELRES_start\"><\/span><\/iframe><\/p>\n","protected":false},"excerpt":{"rendered":"<p>Els nens i nenes de la classe d\u2019I3 ja hem triat nom i som la classe dels CARGOLS, ja que \u00e9s un animal que surt al conte \u201cAnimals\u201d i l\u2019hem votat com el que m\u00e9s ens agrada.<br \/>\nA continuaci\u00f3 podeu veure com ens estem adaptant, i&hellip;  <a href=\"https:\/\/agora.xtec.cat\/ceip-marinada-barcelona\/infantil\/som-la-classe-dels-cargols\/\" title=\"Read Som la classe dels cargols\">Llegeix m\u00e9s\u00bb<\/a><\/p>\n","protected":false},"author":1,"featured_media":0,"comment_status":"open","ping_status":"open","sticky":false,"template":"","format":"standard","meta":{"_bbp_topic_count":0,"_bbp_reply_count":0,"_bbp_total_topic_count":0,"_bbp_total_reply_count":0,"_bbp_voice_count":0,"_bbp_anonymous_reply_count":0,"_bbp_topic_count_hidden":0,"_bbp_reply_count_hidden":0,"_bbp_forum_subforum_count":0,"footnotes":""},"categories":[158,2,3,4],"tags":[],"class_list":["post-7642","post","type-post","status-publish","format-standard","hentry","category-cargols","category-infantil","category-i3","category-portada"],"post_mailing_queue_ids":[],"_links":{"self":[{"href":"https:\/\/agora.xtec.cat\/ceip-marinada-barcelona\/wp-json\/wp\/v2\/posts\/7642","targetHints":{"allow":["GET"]}}],"collection":[{"href":"https:\/\/agora.xtec.cat\/ceip-marinada-barcelona\/wp-json\/wp\/v2\/posts"}],"about":[{"href":"https:\/\/agora.xtec.cat\/ceip-marinada-barcelona\/wp-json\/wp\/v2\/types\/post"}],"author":[{"embeddable":true,"href":"https:\/\/agora.xtec.cat\/ceip-marinada-barcelona\/wp-json\/wp\/v2\/users\/1"}],"replies":[{"embeddable":true,"href":"https:\/\/agora.xtec.cat\/ceip-marinada-barcelona\/wp-json\/wp\/v2\/comments?post=7642"}],"version-history":[{"count":1,"href":"https:\/\/agora.xtec.cat\/ceip-marinada-barcelona\/wp-json\/wp\/v2\/posts\/7642\/revisions"}],"predecessor-version":[{"id":7643,"href":"https:\/\/agora.xtec.cat\/ceip-marinada-barcelona\/wp-json\/wp\/v2\/posts\/7642\/revisions\/7643"}],"wp:attachment":[{"href":"https:\/\/agora.xtec.cat\/ceip-marinada-barcelona\/wp-json\/wp\/v2\/media?parent=7642"}],"wp:term":[{"taxonomy":"category","embeddable":true,"href":"https:\/\/agora.xtec.cat\/ceip-marinada-barcelona\/wp-json\/wp\/v2\/categories?post=7642"},{"taxonomy":"post_tag","embeddable":true,"href":"https:\/\/agora.xtec.cat\/ceip-marinada-barcelona\/wp-json\/wp\/v2\/tags?post=7642"}],"curies":[{"name":"wp","href":"https:\/\/api.w.org\/{rel}","templated":true}]}}