{"id":7636,"date":"2025-09-29T17:35:11","date_gmt":"2025-09-29T15:35:11","guid":{"rendered":"https:\/\/agora.xtec.cat\/ceip-marinada-barcelona\/?p=7636"},"modified":"2025-09-29T17:36:40","modified_gmt":"2025-09-29T15:36:40","slug":"patis-oberts","status":"publish","type":"post","link":"https:\/\/agora.xtec.cat\/ceip-marinada-barcelona\/portada\/patis-oberts\/","title":{"rendered":"Marinada: Pati obert"},"content":{"rendered":"<p>Benvolgudes fam\u00edlies,<br \/>\nL\u2019escola Marinada s\u2019incorpora als Patis oberts!<br \/>\nA partir de l\u2019octubre, les fam\u00edlies de l\u2019escola i del barri podreu venir a jugar i gaudir del pati\u00a0 els <strong>diumenges de 16:30 a 19:30 hores.<\/strong><br \/>\nUs adjuntem m\u00e9s informaci\u00f3.<\/p>\n<p>Els patis escolars de la ciutat s\u2019obren com a espai d\u2019\u00fas p\u00fablic per a infants, adolescents, fam\u00edlies i a tota la ciutadania fora de l\u2019horari escolar, en cap de setmana i en per\u00edode de vacances escolars.<br \/>\nTots els patis oberts s\u00f3n d&#8217;acc\u00e9s lliure per a qualsevol persona.<br \/>\nEls objectius principals de l\u2019obertura dels patis escolars s\u00f3n:<\/p>\n<ul>\n<li>Optimitzar l\u2019\u00fas dels centres escolars potenciant-ne el vessant educatiu i el vessant social, fent possible l\u2019\u00fas del pati com a espai inclusiu de joc i d&#8217;interrelaci\u00f3 comunit\u00e0ria.<\/li>\n<li>Donar als infants, als adolescents, a les fam\u00edlies i a tota la ciutadania una alternativa de lleure que s\u2019exerceixi de manera aut\u00f2noma en un context segur i de proximitat.<\/li>\n<li>Cada pati escolar obert t\u00e9 un servei de monitoratge que obre i tanca el pati escolar dins dels horaris previstos, vetlla pel bon \u00fas de les instal\u00b7lacions i procura establir din\u00e0miques de relaci\u00f3 entre els infants, els adolescents, les fam\u00edlies i a la ciutadania. A la iniciativa municipal, col\u00b7laboren el Consorci d\u2019Educaci\u00f3 de Barcelona, els districtes de la ciutat de Barcelona i diverses entitats educatives i entitats socials de la ciutat.<\/li>\n<\/ul>\n<p><a href=\"https:\/\/agora.xtec.cat\/ceip-marinada-barcelona\/wp-content\/uploads\/usu1756\/2025\/09\/Marinada-Patis-Oberts-1.pdf\" target=\"_blank\" rel=\"noopener\">Informaci\u00f3 pati obert<\/a><br \/>\n<a href=\"https:\/\/agora.xtec.cat\/ceip-marinada-barcelona\/wp-content\/uploads\/usu1756\/2025\/09\/Aniversaris-al-Pati-Obert.pdf\" target=\"_blank\" rel=\"noopener\">Aniversaris al pati obert<\/a><\/p>\n","protected":false},"excerpt":{"rendered":"<p>Benvolgudes fam\u00edlies,<br \/>\nL\u2019escola Marinada s\u2019incorpora als Patis oberts!<br \/>\nA partir de l\u2019octubre, les fam\u00edlies de l\u2019escola i del barri podreu venir a jugar i gaudir del pati\u00a0 els diumenges de 16:30 a 19:30 hores.<br \/>\nUs adjuntem m\u00e9s informaci\u00f3.<br \/>\nEls patis escolars de la ciutat s\u2019obren com a espai d\u2019\u00fas&hellip;  <a href=\"https:\/\/agora.xtec.cat\/ceip-marinada-barcelona\/portada\/patis-oberts\/\" title=\"Read Marinada: Pati obert\">Llegeix m\u00e9s\u00bb<\/a><\/p>\n","protected":false},"author":1,"featured_media":0,"comment_status":"open","ping_status":"open","sticky":false,"template":"","format":"standard","meta":{"_bbp_topic_count":0,"_bbp_reply_count":0,"_bbp_total_topic_count":0,"_bbp_total_reply_count":0,"_bbp_voice_count":0,"_bbp_anonymous_reply_count":0,"_bbp_topic_count_hidden":0,"_bbp_reply_count_hidden":0,"_bbp_forum_subforum_count":0,"footnotes":""},"categories":[4],"tags":[],"class_list":["post-7636","post","type-post","status-publish","format-standard","hentry","category-portada"],"post_mailing_queue_ids":[],"_links":{"self":[{"href":"https:\/\/agora.xtec.cat\/ceip-marinada-barcelona\/wp-json\/wp\/v2\/posts\/7636","targetHints":{"allow":["GET"]}}],"collection":[{"href":"https:\/\/agora.xtec.cat\/ceip-marinada-barcelona\/wp-json\/wp\/v2\/posts"}],"about":[{"href":"https:\/\/agora.xtec.cat\/ceip-marinada-barcelona\/wp-json\/wp\/v2\/types\/post"}],"author":[{"embeddable":true,"href":"https:\/\/agora.xtec.cat\/ceip-marinada-barcelona\/wp-json\/wp\/v2\/users\/1"}],"replies":[{"embeddable":true,"href":"https:\/\/agora.xtec.cat\/ceip-marinada-barcelona\/wp-json\/wp\/v2\/comments?post=7636"}],"version-history":[{"count":2,"href":"https:\/\/agora.xtec.cat\/ceip-marinada-barcelona\/wp-json\/wp\/v2\/posts\/7636\/revisions"}],"predecessor-version":[{"id":7640,"href":"https:\/\/agora.xtec.cat\/ceip-marinada-barcelona\/wp-json\/wp\/v2\/posts\/7636\/revisions\/7640"}],"wp:attachment":[{"href":"https:\/\/agora.xtec.cat\/ceip-marinada-barcelona\/wp-json\/wp\/v2\/media?parent=7636"}],"wp:term":[{"taxonomy":"category","embeddable":true,"href":"https:\/\/agora.xtec.cat\/ceip-marinada-barcelona\/wp-json\/wp\/v2\/categories?post=7636"},{"taxonomy":"post_tag","embeddable":true,"href":"https:\/\/agora.xtec.cat\/ceip-marinada-barcelona\/wp-json\/wp\/v2\/tags?post=7636"}],"curies":[{"name":"wp","href":"https:\/\/api.w.org\/{rel}","templated":true}]}}