{"id":7488,"date":"2025-04-10T08:27:49","date_gmt":"2025-04-10T06:27:49","guid":{"rendered":"https:\/\/agora.xtec.cat\/ceip-marinada-barcelona\/?p=7488"},"modified":"2025-04-18T08:29:33","modified_gmt":"2025-04-18T06:29:33","slug":"4t-visita-al-teleferic-de-montjuic","status":"publish","type":"post","link":"https:\/\/agora.xtec.cat\/ceip-marinada-barcelona\/general\/4t-visita-al-teleferic-de-montjuic\/","title":{"rendered":"4t visita al telef\u00e8ric de Montju\u00efc"},"content":{"rendered":"<p>Hola fam\u00edlies!<br \/>\nEl divendres passat, els alumnes de 4t\u00a0 vam gaudir d&#8217;una sortida al Telef\u00e8ric de Montju\u00efc. Vam comen\u00e7ar amb una visita a les instal\u00b7lacions del telef\u00e8ric, on vam aprendre com funciona aquest mitj\u00e0 de transport. Despr\u00e9s, vam pujar fins al Castell de Montju\u00efc i vam gaudir de les incre\u00efbles vistes de Barcelona.<br \/>\nTamb\u00e9 vam passejar pels jardins del castell i vam jugar al parc de tobogans que hi ha al costat. Va ser una sortida molt divertida i educativa que vam gaudir molt!<\/p>\n<p style=\"text-align: center;\"><iframe loading=\"lazy\" src=\"https:\/\/drive.google.com\/file\/d\/1E_Tn-pxulXC2LVdJMGCsBYcs-DOzS_Gy\/preview\" width=\"640\" height=\"480\"><span data-mce-type=\"bookmark\" style=\"display: inline-block; width: 0px; overflow: hidden; line-height: 0;\" class=\"mce_SELRES_start\">\ufeff<\/span><span data-mce-type=\"bookmark\" style=\"display: inline-block; width: 0px; overflow: hidden; line-height: 0;\" class=\"mce_SELRES_start\"><\/span><span data-mce-type=\"bookmark\" style=\"display: inline-block; width: 0px; overflow: hidden; line-height: 0;\" class=\"mce_SELRES_start\"><\/span><\/iframe><\/p>\n","protected":false},"excerpt":{"rendered":"<p>Hola fam\u00edlies!<br \/>\nEl divendres passat, els alumnes de 4t\u00a0 vam gaudir d&#8217;una sortida al Telef\u00e8ric de Montju\u00efc. Vam comen\u00e7ar amb una visita a les instal\u00b7lacions del telef\u00e8ric, on vam aprendre com funciona aquest mitj\u00e0 de transport. Despr\u00e9s, vam pujar fins al Castell de Montju\u00efc i vam&hellip;  <a href=\"https:\/\/agora.xtec.cat\/ceip-marinada-barcelona\/general\/4t-visita-al-teleferic-de-montjuic\/\" title=\"Read 4t visita al telef\u00e8ric de Montju\u00efc\">Llegeix m\u00e9s\u00bb<\/a><\/p>\n","protected":false},"author":1,"featured_media":0,"comment_status":"open","ping_status":"closed","sticky":false,"template":"","format":"standard","meta":{"_bbp_topic_count":0,"_bbp_reply_count":0,"_bbp_total_topic_count":0,"_bbp_total_reply_count":0,"_bbp_voice_count":0,"_bbp_anonymous_reply_count":0,"_bbp_topic_count_hidden":0,"_bbp_reply_count_hidden":0,"_bbp_forum_subforum_count":0,"footnotes":""},"categories":[13,89,1,4,5],"tags":[],"class_list":["post-7488","post","type-post","status-publish","format-standard","hentry","category-4t","category-mitja","category-general","category-portada","category-primaria"],"post_mailing_queue_ids":[],"_links":{"self":[{"href":"https:\/\/agora.xtec.cat\/ceip-marinada-barcelona\/wp-json\/wp\/v2\/posts\/7488","targetHints":{"allow":["GET"]}}],"collection":[{"href":"https:\/\/agora.xtec.cat\/ceip-marinada-barcelona\/wp-json\/wp\/v2\/posts"}],"about":[{"href":"https:\/\/agora.xtec.cat\/ceip-marinada-barcelona\/wp-json\/wp\/v2\/types\/post"}],"author":[{"embeddable":true,"href":"https:\/\/agora.xtec.cat\/ceip-marinada-barcelona\/wp-json\/wp\/v2\/users\/1"}],"replies":[{"embeddable":true,"href":"https:\/\/agora.xtec.cat\/ceip-marinada-barcelona\/wp-json\/wp\/v2\/comments?post=7488"}],"version-history":[{"count":2,"href":"https:\/\/agora.xtec.cat\/ceip-marinada-barcelona\/wp-json\/wp\/v2\/posts\/7488\/revisions"}],"predecessor-version":[{"id":7490,"href":"https:\/\/agora.xtec.cat\/ceip-marinada-barcelona\/wp-json\/wp\/v2\/posts\/7488\/revisions\/7490"}],"wp:attachment":[{"href":"https:\/\/agora.xtec.cat\/ceip-marinada-barcelona\/wp-json\/wp\/v2\/media?parent=7488"}],"wp:term":[{"taxonomy":"category","embeddable":true,"href":"https:\/\/agora.xtec.cat\/ceip-marinada-barcelona\/wp-json\/wp\/v2\/categories?post=7488"},{"taxonomy":"post_tag","embeddable":true,"href":"https:\/\/agora.xtec.cat\/ceip-marinada-barcelona\/wp-json\/wp\/v2\/tags?post=7488"}],"curies":[{"name":"wp","href":"https:\/\/api.w.org\/{rel}","templated":true}]}}