{"id":7252,"date":"2024-11-02T12:20:06","date_gmt":"2024-11-02T11:20:06","guid":{"rendered":"https:\/\/agora.xtec.cat\/ceip-marinada-barcelona\/?p=7252"},"modified":"2024-11-17T12:44:16","modified_gmt":"2024-11-17T11:44:16","slug":"taller-de-cuina-de-2n-2","status":"publish","type":"post","link":"https:\/\/agora.xtec.cat\/ceip-marinada-barcelona\/general\/taller-de-cuina-de-2n-2\/","title":{"rendered":"Taller de cuina de 2n"},"content":{"rendered":"<p>Hola, fam\u00edlies!<br \/>\nAqu\u00ed us deixem les fotografies que vam fer el dia del taller de cuina. Vam preparar uns pinxos de fruites i un pa de pessic amb les fruites de la tardor. Vam afegir tamb\u00e9 una mica de xocolata i melmelada. Mmmm\u2026! Que bo que estava tot!<br \/>\nMoltes gr\u00e0cies a la mare del Josep, de l\u2019Antonella, del Nath\u00e1n, de l\u2019Agustin i el Lissandro i del Daniel per venir-nos a ajudar.<br \/>\nVa ser un mat\u00ed divertid\u00edssim i moooolt dol\u00e7!<\/p>\n<p style=\"text-align: center;\"><iframe loading=\"lazy\" src=\"https:\/\/drive.google.com\/file\/d\/1ektHrD04tWSlzB3UdUKEjkgk0Dm-ftCq\/preview\" width=\"640\" height=\"480\"><span data-mce-type=\"bookmark\" style=\"display: inline-block; width: 0px; overflow: hidden; line-height: 0;\" class=\"mce_SELRES_start\">\ufeff<\/span><span data-mce-type=\"bookmark\" style=\"display: inline-block; width: 0px; overflow: hidden; line-height: 0;\" class=\"mce_SELRES_start\">\ufeff<\/span><span data-mce-type=\"bookmark\" style=\"display: inline-block; width: 0px; overflow: hidden; line-height: 0;\" class=\"mce_SELRES_start\"><\/span><\/iframe><\/p>\n<p>&nbsp;<\/p>\n","protected":false},"excerpt":{"rendered":"<p>Hola, fam\u00edlies!<br \/>\nAqu\u00ed us deixem les fotografies que vam fer el dia del taller de cuina. Vam preparar uns pinxos de fruites i un pa de pessic amb les fruites de la tardor. Vam afegir tamb\u00e9 una mica de xocolata i melmelada. Mmmm\u2026! Que bo que&hellip;  <a href=\"https:\/\/agora.xtec.cat\/ceip-marinada-barcelona\/general\/taller-de-cuina-de-2n-2\/\" title=\"Read Taller de cuina de 2n\">Llegeix m\u00e9s\u00bb<\/a><\/p>\n","protected":false},"author":1,"featured_media":0,"comment_status":"open","ping_status":"closed","sticky":false,"template":"","format":"standard","meta":{"_bbp_topic_count":0,"_bbp_reply_count":0,"_bbp_total_topic_count":0,"_bbp_total_reply_count":0,"_bbp_voice_count":0,"_bbp_anonymous_reply_count":0,"_bbp_topic_count_hidden":0,"_bbp_reply_count_hidden":0,"_bbp_forum_subforum_count":0,"footnotes":""},"categories":[11,88,152,1,4,5],"tags":[],"class_list":["post-7252","post","type-post","status-publish","format-standard","hentry","category-2n","category-inicial","category-festa-major","category-general","category-portada","category-primaria"],"post_mailing_queue_ids":[],"_links":{"self":[{"href":"https:\/\/agora.xtec.cat\/ceip-marinada-barcelona\/wp-json\/wp\/v2\/posts\/7252","targetHints":{"allow":["GET"]}}],"collection":[{"href":"https:\/\/agora.xtec.cat\/ceip-marinada-barcelona\/wp-json\/wp\/v2\/posts"}],"about":[{"href":"https:\/\/agora.xtec.cat\/ceip-marinada-barcelona\/wp-json\/wp\/v2\/types\/post"}],"author":[{"embeddable":true,"href":"https:\/\/agora.xtec.cat\/ceip-marinada-barcelona\/wp-json\/wp\/v2\/users\/1"}],"replies":[{"embeddable":true,"href":"https:\/\/agora.xtec.cat\/ceip-marinada-barcelona\/wp-json\/wp\/v2\/comments?post=7252"}],"version-history":[{"count":2,"href":"https:\/\/agora.xtec.cat\/ceip-marinada-barcelona\/wp-json\/wp\/v2\/posts\/7252\/revisions"}],"predecessor-version":[{"id":7255,"href":"https:\/\/agora.xtec.cat\/ceip-marinada-barcelona\/wp-json\/wp\/v2\/posts\/7252\/revisions\/7255"}],"wp:attachment":[{"href":"https:\/\/agora.xtec.cat\/ceip-marinada-barcelona\/wp-json\/wp\/v2\/media?parent=7252"}],"wp:term":[{"taxonomy":"category","embeddable":true,"href":"https:\/\/agora.xtec.cat\/ceip-marinada-barcelona\/wp-json\/wp\/v2\/categories?post=7252"},{"taxonomy":"post_tag","embeddable":true,"href":"https:\/\/agora.xtec.cat\/ceip-marinada-barcelona\/wp-json\/wp\/v2\/tags?post=7252"}],"curies":[{"name":"wp","href":"https:\/\/api.w.org\/{rel}","templated":true}]}}