{"id":7193,"date":"2024-10-09T18:20:26","date_gmt":"2024-10-09T16:20:26","guid":{"rendered":"https:\/\/agora.xtec.cat\/ceip-marinada-barcelona\/?p=7193"},"modified":"2024-10-09T18:20:26","modified_gmt":"2024-10-09T16:20:26","slug":"agermanament-entre-centres-escolars-i-pagesia","status":"publish","type":"post","link":"https:\/\/agora.xtec.cat\/ceip-marinada-barcelona\/general\/agermanament-entre-centres-escolars-i-pagesia\/","title":{"rendered":"Agermanament entre centres escolars i pagesia"},"content":{"rendered":"<p><img loading=\"lazy\" decoding=\"async\" class=\"wp-image-7194 alignright\" src=\"https:\/\/agora.xtec.cat\/ceip-marinada-barcelona\/wp-content\/uploads\/usu1756\/2024\/10\/Portada_ComHofemCentre-760x428-1.jpg\" alt=\"\" width=\"524\" height=\"295\" srcset=\"https:\/\/agora.xtec.cat\/ceip-marinada-barcelona\/wp-content\/uploads\/usu1756\/2024\/10\/Portada_ComHofemCentre-760x428-1.jpg 760w, https:\/\/agora.xtec.cat\/ceip-marinada-barcelona\/wp-content\/uploads\/usu1756\/2024\/10\/Portada_ComHofemCentre-760x428-1-300x169.jpg 300w\" sizes=\"auto, (max-width: 524px) 100vw, 524px\" \/>El curs passat, l&#8217;escola va comen\u00e7ar a participar en el projecte &#8220;<strong><span data-contrast=\"auto\">Agermanament entre centres escolars i pagesia&#8221; <\/span><\/strong>amb el grup de 6\u00e8. Aquest curs continuem el projecte amb l&#8217;alumnat de 5\u00e8.<br \/>\nAqu\u00ed us deixem <a href=\"https:\/\/www.barcelona.cat\/barcelonasostenible\/ca\/centres-educatius\/actualitat-descoles-sostenibles\/com-ho-fem-al-centre-agermanament-entre-centres-escolars-i-pagesia-1438239\" target=\"_blank\" rel=\"noopener\">l&#8217;enlla\u00e7<\/a> del web de l&#8217;ajuntament, www.barcelona.cat, on han publicat una entrevista que han fet a dues de les escoles que participen en aquest projecte.<\/p>\n","protected":false},"excerpt":{"rendered":"<p>El curs passat, l&#8217;escola va comen\u00e7ar a participar en el projecte &#8220;Agermanament entre centres escolars i pagesia&#8221; amb el grup de 6\u00e8. Aquest curs continuem el projecte amb l&#8217;alumnat de 5\u00e8.<br \/>\nAqu\u00ed us deixem <a href=\"https:\/\/www.barcelona.cat\/barcelonasostenible\/ca\/centres-educatius\/actualitat-descoles-sostenibles\/com-ho-fem-al-centre-agermanament-entre-centres-escolars-i-pagesia-1438239\" target=\"_blank\" rel=\"noopener\">l&#8217;enlla\u00e7<\/a> del web de l&#8217;ajuntament, www.barcelona.cat, on han publicat&hellip;  <a href=\"https:\/\/agora.xtec.cat\/ceip-marinada-barcelona\/general\/agermanament-entre-centres-escolars-i-pagesia\/\" title=\"Read Agermanament entre centres escolars i pagesia\">Llegeix m\u00e9s\u00bb<\/a><\/p>\n","protected":false},"author":1,"featured_media":0,"comment_status":"open","ping_status":"closed","sticky":false,"template":"","format":"standard","meta":{"_bbp_topic_count":0,"_bbp_reply_count":0,"_bbp_total_topic_count":0,"_bbp_total_reply_count":0,"_bbp_voice_count":0,"_bbp_anonymous_reply_count":0,"_bbp_topic_count_hidden":0,"_bbp_reply_count_hidden":0,"_bbp_forum_subforum_count":0,"footnotes":""},"categories":[94,1,95,4],"tags":[],"class_list":["post-7193","post","type-post","status-publish","format-standard","hentry","category-escoles-sostenibles","category-general","category-menjadors-sans-i-sostenibles","category-portada"],"post_mailing_queue_ids":[],"_links":{"self":[{"href":"https:\/\/agora.xtec.cat\/ceip-marinada-barcelona\/wp-json\/wp\/v2\/posts\/7193","targetHints":{"allow":["GET"]}}],"collection":[{"href":"https:\/\/agora.xtec.cat\/ceip-marinada-barcelona\/wp-json\/wp\/v2\/posts"}],"about":[{"href":"https:\/\/agora.xtec.cat\/ceip-marinada-barcelona\/wp-json\/wp\/v2\/types\/post"}],"author":[{"embeddable":true,"href":"https:\/\/agora.xtec.cat\/ceip-marinada-barcelona\/wp-json\/wp\/v2\/users\/1"}],"replies":[{"embeddable":true,"href":"https:\/\/agora.xtec.cat\/ceip-marinada-barcelona\/wp-json\/wp\/v2\/comments?post=7193"}],"version-history":[{"count":1,"href":"https:\/\/agora.xtec.cat\/ceip-marinada-barcelona\/wp-json\/wp\/v2\/posts\/7193\/revisions"}],"predecessor-version":[{"id":7195,"href":"https:\/\/agora.xtec.cat\/ceip-marinada-barcelona\/wp-json\/wp\/v2\/posts\/7193\/revisions\/7195"}],"wp:attachment":[{"href":"https:\/\/agora.xtec.cat\/ceip-marinada-barcelona\/wp-json\/wp\/v2\/media?parent=7193"}],"wp:term":[{"taxonomy":"category","embeddable":true,"href":"https:\/\/agora.xtec.cat\/ceip-marinada-barcelona\/wp-json\/wp\/v2\/categories?post=7193"},{"taxonomy":"post_tag","embeddable":true,"href":"https:\/\/agora.xtec.cat\/ceip-marinada-barcelona\/wp-json\/wp\/v2\/tags?post=7193"}],"curies":[{"name":"wp","href":"https:\/\/api.w.org\/{rel}","templated":true}]}}