{"id":7098,"date":"2024-06-03T08:05:26","date_gmt":"2024-06-03T06:05:26","guid":{"rendered":"https:\/\/agora.xtec.cat\/ceip-marinada-barcelona\/?p=7098"},"modified":"2024-06-03T09:00:43","modified_gmt":"2024-06-03T07:00:43","slug":"trobada-tomas-moro-marinada","status":"publish","type":"post","link":"https:\/\/agora.xtec.cat\/ceip-marinada-barcelona\/general\/trobada-tomas-moro-marinada\/","title":{"rendered":"TROBADA TOM\u00c0S MORO &#8211; MARINADA"},"content":{"rendered":"<p>El passat dimecres 29 de maig, per fi ens vam poder trobar amb els companys de l&#8217;escola Tom\u00e0s Moro, amb els que hem fet l&#8217;intercanvi d&#8217;activitats durant tot el curs.<br \/>\nVa ser una trobada molt agradable. Tots est\u00e0vem una mica nerviosos per con\u00e8ixer en persona aquell amic o amiga amb qui hem compartit en la dist\u00e0ncia. Tamb\u00e9 vol\u00edem que sort\u00eds b\u00e9 la nostra actuaci\u00f3 (que aix\u00ed va ser) i est\u00e0vem emocionats per poder gaudir del que ens van oferir els nostres amics. Nosaltres vam fer un ritme amb gots que es titula &#8220;Dance monkey&#8221; i ells ens van cantar &#8220;Perfect&#8221;, de l&#8217;Ed Sheeran i &#8220;Dibuixos animats&#8221; del musical participatiu &#8220;\u00c9s dissabte&#8221;.<br \/>\nVam tenir la sort de retrobar a la Cec\u00edlia i aix\u00f2 tamb\u00e9 ens feia molta il\u00b7lusi\u00f3.<br \/>\nDespr\u00e9s de les actuacions ens vam intercanviar els regals que nosaltres mateixos hem elaborat. Per cert, els dels nostres amics, molt detallistes i enginyosos.<br \/>\nVam berenar una mica i vam tenir una estona lliure per poder con\u00e8ixer m\u00e9s d&#8217;aprop als companys i gaudir del nou pati i de les noves instal\u00b7lacions.<br \/>\nEns vam acomiadar amb la il\u00b7lusi\u00f3 de trobar-nos pel barri i &#8230;qui sap&#8230;si el proper curs!<br \/>\nMireu, mireu!<\/p>\n<p><a href=\"https:\/\/youtu.be\/Aa0wGvtIPDE?si=Y7_41TkkeS1Xnra0\">https:\/\/youtu.be\/Aa0wGvtIPDE?si=Y7_41TkkeS1Xnra0<\/a><\/p>\n<p>&nbsp;<\/p>\n","protected":false},"excerpt":{"rendered":"<p>El passat dimecres 29 de maig, per fi ens vam poder trobar amb els companys de l&#8217;escola Tom\u00e0s Moro, amb els que hem fet l&#8217;intercanvi d&#8217;activitats durant tot el curs.<br \/>\nVa ser una trobada molt agradable. Tots est\u00e0vem una mica nerviosos per con\u00e8ixer en persona aquell&hellip;  <a href=\"https:\/\/agora.xtec.cat\/ceip-marinada-barcelona\/general\/trobada-tomas-moro-marinada\/\" title=\"Read TROBADA TOM\u00c0S MORO &#8211; MARINADA\">Llegeix m\u00e9s\u00bb<\/a><\/p>\n","protected":false},"author":5,"featured_media":7109,"comment_status":"open","ping_status":"closed","sticky":false,"template":"","format":"standard","meta":{"_bbp_topic_count":0,"_bbp_reply_count":0,"_bbp_total_topic_count":0,"_bbp_total_reply_count":0,"_bbp_voice_count":0,"_bbp_anonymous_reply_count":0,"_bbp_topic_count_hidden":0,"_bbp_reply_count_hidden":0,"_bbp_forum_subforum_count":0,"footnotes":""},"categories":[13,137,89,1,130,4,5],"tags":[139,142,85,145,146,147,144,140],"class_list":["post-7098","post","type-post","status-publish","format-standard","has-post-thumbnail","hentry","category-4t","category-art","category-mitja","category-general","category-nous-espais","category-portada","category-primaria","tag-aprenentatge-actiu","tag-aprenentatge-collaboratiu","tag-cicle-mitja","tag-educaci","tag-educacio-artistica","tag-intercanvi-dactivitats","tag-llengues","tag-nou-pati"],"post_mailing_queue_ids":[],"_links":{"self":[{"href":"https:\/\/agora.xtec.cat\/ceip-marinada-barcelona\/wp-json\/wp\/v2\/posts\/7098","targetHints":{"allow":["GET"]}}],"collection":[{"href":"https:\/\/agora.xtec.cat\/ceip-marinada-barcelona\/wp-json\/wp\/v2\/posts"}],"about":[{"href":"https:\/\/agora.xtec.cat\/ceip-marinada-barcelona\/wp-json\/wp\/v2\/types\/post"}],"author":[{"embeddable":true,"href":"https:\/\/agora.xtec.cat\/ceip-marinada-barcelona\/wp-json\/wp\/v2\/users\/5"}],"replies":[{"embeddable":true,"href":"https:\/\/agora.xtec.cat\/ceip-marinada-barcelona\/wp-json\/wp\/v2\/comments?post=7098"}],"version-history":[{"count":6,"href":"https:\/\/agora.xtec.cat\/ceip-marinada-barcelona\/wp-json\/wp\/v2\/posts\/7098\/revisions"}],"predecessor-version":[{"id":7111,"href":"https:\/\/agora.xtec.cat\/ceip-marinada-barcelona\/wp-json\/wp\/v2\/posts\/7098\/revisions\/7111"}],"wp:featuredmedia":[{"embeddable":true,"href":"https:\/\/agora.xtec.cat\/ceip-marinada-barcelona\/wp-json\/wp\/v2\/media\/7109"}],"wp:attachment":[{"href":"https:\/\/agora.xtec.cat\/ceip-marinada-barcelona\/wp-json\/wp\/v2\/media?parent=7098"}],"wp:term":[{"taxonomy":"category","embeddable":true,"href":"https:\/\/agora.xtec.cat\/ceip-marinada-barcelona\/wp-json\/wp\/v2\/categories?post=7098"},{"taxonomy":"post_tag","embeddable":true,"href":"https:\/\/agora.xtec.cat\/ceip-marinada-barcelona\/wp-json\/wp\/v2\/tags?post=7098"}],"curies":[{"name":"wp","href":"https:\/\/api.w.org\/{rel}","templated":true}]}}