{"id":7061,"date":"2024-05-11T13:05:12","date_gmt":"2024-05-11T11:05:12","guid":{"rendered":"https:\/\/agora.xtec.cat\/ceip-marinada-barcelona\/?p=7061"},"modified":"2024-05-11T13:05:12","modified_gmt":"2024-05-11T11:05:12","slug":"les-flors-sortida-al-xaragall","status":"publish","type":"post","link":"https:\/\/agora.xtec.cat\/ceip-marinada-barcelona\/infantil\/les-flors-sortida-al-xaragall\/","title":{"rendered":"Les flors: Sortida al Xaragall"},"content":{"rendered":"<p>Avui tot infantil hem anat d\u2019excursi\u00f3 a la granja del Xaragall.<br \/>\nNosaltres, com que som la classe de les flors, hem triat l\u2019activitat FEM COL\u00d2NIA perqu\u00e8 estem fent el projecte i aix\u00ed aprenem altres usos de les flors.<br \/>\nI qu\u00e8 hem fet? Doncs la Iolanda, la nostra monitora, ens ha portat a l\u2019espai de l\u2019hort on hi ha plantades les arom\u00e0tiques. Ens ha explicat que les plantes ar\u00f2m\u00e0tiques s\u00f3n plantes que fan olor per\u00f2 que a m\u00e9s a m\u00e9s s\u00f3n remeieres i les utilitzem per quan tenim mal de panxa o un cop o una cremada. Amb aquestes plantes es fan infusions, cremes, olis i col\u00f2nies. I tamb\u00e9 les utilitzem per cuinar!<br \/>\nHem vist: farigola, menta, s\u00e0lvia, espernallac, roman\u00ed, esp\u00edgol i llorer.<br \/>\nLes flors seques de l\u2019esp\u00edgol s\u00f3n les que utilitzarem per fer la col\u00f2nia.<br \/>\nDespr\u00e9s hem anat a fer una volta pel bosc a buscar un altre ingredient: la menta borda. N\u2019hi ha molta per aquest bosc. I fa molt bona olor!<br \/>\nJa ho tenim tot, anem a les taules. Ai no! Necessitem una pedra rodona per aixafar les flors! Ara s\u00ed, anem a les taules. Xafem les flors com si exprim\u00edssim una taronja, apretant i girant la pedra, sense picar. Ho posem tot dins l\u2019ampolleta i l\u2019omplim amb aigua i alcohol. Meitat i meitat. Ja ho tenim!<br \/>\nCaldr\u00e0 deixar macerar la barreja almenys un parell de mesos. Despr\u00e9s ja ho podrem colar i utilitzar.<br \/>\nF\u00e0cil, oi?<br \/>\nA la tarda, despr\u00e9s de dinar, la Iolanda ens ha portat a veure els animals de la granja i tamb\u00e9 ens ha agradat molt!<\/p>\n<p style=\"text-align: center;\"><iframe loading=\"lazy\" src=\"https:\/\/drive.google.com\/file\/d\/17geAP4mV4TDW9ruWtmM6ejfBV8wWY_J_\/preview\" width=\"640\" height=\"480\"><span data-mce-type=\"bookmark\" style=\"display: inline-block; width: 0px; overflow: hidden; line-height: 0;\" class=\"mce_SELRES_start\">\ufeff<\/span><\/iframe><\/p>\n","protected":false},"excerpt":{"rendered":"<p>Avui tot infantil hem anat d\u2019excursi\u00f3 a la granja del Xaragall.<br \/>\nNosaltres, com que som la classe de les flors, hem triat l\u2019activitat FEM COL\u00d2NIA perqu\u00e8 estem fent el projecte i aix\u00ed aprenem altres usos de les flors.<br \/>\nI qu\u00e8 hem fet? Doncs la Iolanda, la nostra&hellip;  <a href=\"https:\/\/agora.xtec.cat\/ceip-marinada-barcelona\/infantil\/les-flors-sortida-al-xaragall\/\" title=\"Read Les flors: Sortida al Xaragall\">Llegeix m\u00e9s\u00bb<\/a><\/p>\n","protected":false},"author":1,"featured_media":0,"comment_status":"open","ping_status":"closed","sticky":false,"template":"","format":"standard","meta":{"_bbp_topic_count":0,"_bbp_reply_count":0,"_bbp_total_topic_count":0,"_bbp_total_reply_count":0,"_bbp_voice_count":0,"_bbp_anonymous_reply_count":0,"_bbp_topic_count_hidden":0,"_bbp_reply_count_hidden":0,"_bbp_forum_subforum_count":0,"footnotes":""},"categories":[2,9,125,4,118,110],"tags":[],"class_list":["post-7061","post","type-post","status-publish","format-standard","hentry","category-infantil","category-i5","category-les-flors","category-portada","category-projecte","category-sortides"],"post_mailing_queue_ids":[],"_links":{"self":[{"href":"https:\/\/agora.xtec.cat\/ceip-marinada-barcelona\/wp-json\/wp\/v2\/posts\/7061","targetHints":{"allow":["GET"]}}],"collection":[{"href":"https:\/\/agora.xtec.cat\/ceip-marinada-barcelona\/wp-json\/wp\/v2\/posts"}],"about":[{"href":"https:\/\/agora.xtec.cat\/ceip-marinada-barcelona\/wp-json\/wp\/v2\/types\/post"}],"author":[{"embeddable":true,"href":"https:\/\/agora.xtec.cat\/ceip-marinada-barcelona\/wp-json\/wp\/v2\/users\/1"}],"replies":[{"embeddable":true,"href":"https:\/\/agora.xtec.cat\/ceip-marinada-barcelona\/wp-json\/wp\/v2\/comments?post=7061"}],"version-history":[{"count":2,"href":"https:\/\/agora.xtec.cat\/ceip-marinada-barcelona\/wp-json\/wp\/v2\/posts\/7061\/revisions"}],"predecessor-version":[{"id":7063,"href":"https:\/\/agora.xtec.cat\/ceip-marinada-barcelona\/wp-json\/wp\/v2\/posts\/7061\/revisions\/7063"}],"wp:attachment":[{"href":"https:\/\/agora.xtec.cat\/ceip-marinada-barcelona\/wp-json\/wp\/v2\/media?parent=7061"}],"wp:term":[{"taxonomy":"category","embeddable":true,"href":"https:\/\/agora.xtec.cat\/ceip-marinada-barcelona\/wp-json\/wp\/v2\/categories?post=7061"},{"taxonomy":"post_tag","embeddable":true,"href":"https:\/\/agora.xtec.cat\/ceip-marinada-barcelona\/wp-json\/wp\/v2\/tags?post=7061"}],"curies":[{"name":"wp","href":"https:\/\/api.w.org\/{rel}","templated":true}]}}