{"id":6995,"date":"2024-04-21T12:48:08","date_gmt":"2024-04-21T10:48:08","guid":{"rendered":"https:\/\/agora.xtec.cat\/ceip-marinada-barcelona\/?p=6995"},"modified":"2024-04-21T12:48:08","modified_gmt":"2024-04-21T10:48:08","slug":"mus-e-construim-un-circ","status":"publish","type":"post","link":"https:\/\/agora.xtec.cat\/ceip-marinada-barcelona\/infantil\/mus-e-construim-un-circ\/","title":{"rendered":"MUS-E: Constru\u00efm un circ"},"content":{"rendered":"<p>Hola fam\u00edlies, les nenes i els nens de les classes de les flors (I5), dels camaleons (2n) i dels fil\u00f2sofs (6\u00e8) hem constru\u00eft circs amb l&#8217;Albert, el professor de MUS-E.<br \/>\nHem gaudit molt\u00edssim fent-los!<\/p>\n<h6 style=\"text-align: center;\"><span style=\"color: #000080;\">CONSTRUIM UN CIRC!<\/span><\/h6>\n<p style=\"text-align: center;\"><iframe loading=\"lazy\" src=\"https:\/\/drive.google.com\/file\/d\/1RejFUSJzLDhWSru_C8CKdrRYPtYve-y-\/preview\" width=\"640\" height=\"480\"><span data-mce-type=\"bookmark\" style=\"display: inline-block; width: 0px; overflow: hidden; line-height: 0;\" class=\"mce_SELRES_start\">\ufeff<\/span><\/iframe><\/p>\n","protected":false},"excerpt":{"rendered":"<p>Hola fam\u00edlies, les nenes i els nens de les classes de les flors (I5), dels camaleons (2n) i dels fil\u00f2sofs (6\u00e8) hem constru\u00eft circs amb l&#8217;Albert, el professor de MUS-E.<br \/>\nHem gaudit molt\u00edssim fent-los!<br \/>\nCONSTRUIM UN CIRC!<br \/>\n\ufeff<\/p>\n","protected":false},"author":1,"featured_media":0,"comment_status":"open","ping_status":"closed","sticky":false,"template":"","format":"standard","meta":{"_bbp_topic_count":0,"_bbp_reply_count":0,"_bbp_total_topic_count":0,"_bbp_total_reply_count":0,"_bbp_voice_count":0,"_bbp_anonymous_reply_count":0,"_bbp_topic_count_hidden":0,"_bbp_reply_count_hidden":0,"_bbp_forum_subforum_count":0,"footnotes":""},"categories":[11,15,88,90,2,9,125,93,4,5],"tags":[],"class_list":["post-6995","post","type-post","status-publish","format-standard","hentry","category-2n","category-6e","category-inicial","category-superior","category-infantil","category-i5","category-les-flors","category-mus-e","category-portada","category-primaria"],"post_mailing_queue_ids":[],"_links":{"self":[{"href":"https:\/\/agora.xtec.cat\/ceip-marinada-barcelona\/wp-json\/wp\/v2\/posts\/6995","targetHints":{"allow":["GET"]}}],"collection":[{"href":"https:\/\/agora.xtec.cat\/ceip-marinada-barcelona\/wp-json\/wp\/v2\/posts"}],"about":[{"href":"https:\/\/agora.xtec.cat\/ceip-marinada-barcelona\/wp-json\/wp\/v2\/types\/post"}],"author":[{"embeddable":true,"href":"https:\/\/agora.xtec.cat\/ceip-marinada-barcelona\/wp-json\/wp\/v2\/users\/1"}],"replies":[{"embeddable":true,"href":"https:\/\/agora.xtec.cat\/ceip-marinada-barcelona\/wp-json\/wp\/v2\/comments?post=6995"}],"version-history":[{"count":1,"href":"https:\/\/agora.xtec.cat\/ceip-marinada-barcelona\/wp-json\/wp\/v2\/posts\/6995\/revisions"}],"predecessor-version":[{"id":6996,"href":"https:\/\/agora.xtec.cat\/ceip-marinada-barcelona\/wp-json\/wp\/v2\/posts\/6995\/revisions\/6996"}],"wp:attachment":[{"href":"https:\/\/agora.xtec.cat\/ceip-marinada-barcelona\/wp-json\/wp\/v2\/media?parent=6995"}],"wp:term":[{"taxonomy":"category","embeddable":true,"href":"https:\/\/agora.xtec.cat\/ceip-marinada-barcelona\/wp-json\/wp\/v2\/categories?post=6995"},{"taxonomy":"post_tag","embeddable":true,"href":"https:\/\/agora.xtec.cat\/ceip-marinada-barcelona\/wp-json\/wp\/v2\/tags?post=6995"}],"curies":[{"name":"wp","href":"https:\/\/api.w.org\/{rel}","templated":true}]}}