{"id":6992,"date":"2024-04-21T12:35:17","date_gmt":"2024-04-21T10:35:17","guid":{"rendered":"https:\/\/agora.xtec.cat\/ceip-marinada-barcelona\/?p=6992"},"modified":"2024-04-21T12:48:33","modified_gmt":"2024-04-21T10:48:33","slug":"cm-visitem-el-cim-de-les-aligues","status":"publish","type":"post","link":"https:\/\/agora.xtec.cat\/ceip-marinada-barcelona\/general\/cm-visitem-el-cim-de-les-aligues\/","title":{"rendered":"CM: visitem el Cim de les \u00c0ligues"},"content":{"rendered":"<p>Les nenes i els nens de CM hem visitat el Cim de les \u00e0ligues. Ha estat una experi\u00e8ncia molt sorprenent. Durant l&#8217;espectacle les aus quasi b\u00e9 ens passaven fregant-nos, els ten\u00edem tant a prop que pod\u00edem tocar-los. Ha estat espectacular!!!.<br \/>\nA m\u00e9s hem apr\u00e9s moltes coses sobre aquestes aus. Sabeu que podem distingir les rapinyaires nocturnes de les di\u00fcrnes\u00a0 per la forma del seu cap? Les\u00a0 primeres tenen el cap arrodonit i m\u00e9s xato, mentre les segones el tenen m\u00e9s aviat en forma de fletxa. Les plomes de les rapinyaires nocturnes no fan cap soroll al volar i les de les di\u00fcrnes s\u00ed.<br \/>\nEns ho hem passat genial!!!.<br \/>\n<iframe loading=\"lazy\" src=\"https:\/\/drive.google.com\/file\/d\/1XfbIUP796niv2Z_2sinxAQPuVqaSRqoP\/preview\" width=\"640\" height=\"480\"><span data-mce-type=\"bookmark\" style=\"display: inline-block; width: 0px; overflow: hidden; line-height: 0;\" class=\"mce_SELRES_start\">\ufeff<\/span><\/iframe><\/p>\n","protected":false},"excerpt":{"rendered":"<p>Les nenes i els nens de CM hem visitat el Cim de les \u00e0ligues. Ha estat una experi\u00e8ncia molt sorprenent. Durant l&#8217;espectacle les aus quasi b\u00e9 ens passaven fregant-nos, els ten\u00edem tant a prop que pod\u00edem tocar-los. Ha estat espectacular!!!.<br \/>\nA m\u00e9s hem apr\u00e9s moltes coses&hellip;  <a href=\"https:\/\/agora.xtec.cat\/ceip-marinada-barcelona\/general\/cm-visitem-el-cim-de-les-aligues\/\" title=\"Read CM: visitem el Cim de les \u00c0ligues\">Llegeix m\u00e9s\u00bb<\/a><\/p>\n","protected":false},"author":1,"featured_media":0,"comment_status":"open","ping_status":"closed","sticky":false,"template":"","format":"standard","meta":{"_bbp_topic_count":0,"_bbp_reply_count":0,"_bbp_total_topic_count":0,"_bbp_total_reply_count":0,"_bbp_voice_count":0,"_bbp_anonymous_reply_count":0,"_bbp_topic_count_hidden":0,"_bbp_reply_count_hidden":0,"_bbp_forum_subforum_count":0,"footnotes":""},"categories":[12,13,89,1,4,5],"tags":[],"class_list":["post-6992","post","type-post","status-publish","format-standard","hentry","category-3r","category-4t","category-mitja","category-general","category-portada","category-primaria"],"post_mailing_queue_ids":[],"_links":{"self":[{"href":"https:\/\/agora.xtec.cat\/ceip-marinada-barcelona\/wp-json\/wp\/v2\/posts\/6992","targetHints":{"allow":["GET"]}}],"collection":[{"href":"https:\/\/agora.xtec.cat\/ceip-marinada-barcelona\/wp-json\/wp\/v2\/posts"}],"about":[{"href":"https:\/\/agora.xtec.cat\/ceip-marinada-barcelona\/wp-json\/wp\/v2\/types\/post"}],"author":[{"embeddable":true,"href":"https:\/\/agora.xtec.cat\/ceip-marinada-barcelona\/wp-json\/wp\/v2\/users\/1"}],"replies":[{"embeddable":true,"href":"https:\/\/agora.xtec.cat\/ceip-marinada-barcelona\/wp-json\/wp\/v2\/comments?post=6992"}],"version-history":[{"count":2,"href":"https:\/\/agora.xtec.cat\/ceip-marinada-barcelona\/wp-json\/wp\/v2\/posts\/6992\/revisions"}],"predecessor-version":[{"id":6994,"href":"https:\/\/agora.xtec.cat\/ceip-marinada-barcelona\/wp-json\/wp\/v2\/posts\/6992\/revisions\/6994"}],"wp:attachment":[{"href":"https:\/\/agora.xtec.cat\/ceip-marinada-barcelona\/wp-json\/wp\/v2\/media?parent=6992"}],"wp:term":[{"taxonomy":"category","embeddable":true,"href":"https:\/\/agora.xtec.cat\/ceip-marinada-barcelona\/wp-json\/wp\/v2\/categories?post=6992"},{"taxonomy":"post_tag","embeddable":true,"href":"https:\/\/agora.xtec.cat\/ceip-marinada-barcelona\/wp-json\/wp\/v2\/tags?post=6992"}],"curies":[{"name":"wp","href":"https:\/\/api.w.org\/{rel}","templated":true}]}}