{"id":6951,"date":"2024-03-22T10:56:50","date_gmt":"2024-03-22T09:56:50","guid":{"rendered":"https:\/\/agora.xtec.cat\/ceip-marinada-barcelona\/?p=6951"},"modified":"2024-03-22T10:56:50","modified_gmt":"2024-03-22T09:56:50","slug":"la-cupula-gustum","status":"publish","type":"post","link":"https:\/\/agora.xtec.cat\/ceip-marinada-barcelona\/portada\/la-cupula-gustum\/","title":{"rendered":"La C\u00fapula Gustum"},"content":{"rendered":"<p><span style=\"font-weight: 400;\">Dins del programa apadrinament de pag\u00e8s que fa l\u2019alumnat de 6\u00e8, el dilluns 18 de mar\u00e7 ens van instal\u00b7lar al pati la c\u00fapula Gustum i els alumnes de CM i CS van gaudir d\u2019aquesta experi\u00e8ncia.<br \/>\n<\/span><span style=\"font-weight: 400;\">Vam parlar dels avantatges dels productes de proximitat com per exemple contaminar menys i donar vida als agricultors, ramaders i pescadors de la nostra terra.<br \/>\n<\/span><span style=\"font-weight: 400;\">Ens van ensenyar v\u00eddeos on vam veure com es fa el formatge, tipus de formatge, la producci\u00f3 de l\u2019oli i els diferents tipus\u2026<br \/>\n<\/span><span style=\"font-weight: 400;\">Tamb\u00e9 ens van parlar dels productes protegits amb denominaci\u00f3 d&#8217;origen. A la nostra terra tenim molts productes amb aquesta denominaci\u00f3 com els cal\u00e7ots de Valls, la pera de Lleida, l&#8217;avellana de Reus&#8230;.<\/span><\/p>\n<p><a href=\"https:\/\/agora.xtec.cat\/ceip-marinada-barcelona\/wp-content\/uploads\/usu1756\/2024\/03\/IMG-20240321-WA0006.jpg\"><img loading=\"lazy\" decoding=\"async\" class=\"alignnone  wp-image-6949\" src=\"https:\/\/agora.xtec.cat\/ceip-marinada-barcelona\/wp-content\/uploads\/usu1756\/2024\/03\/IMG-20240321-WA0006-1024x768.jpg\" alt=\"\" width=\"444\" height=\"333\" srcset=\"https:\/\/agora.xtec.cat\/ceip-marinada-barcelona\/wp-content\/uploads\/usu1756\/2024\/03\/IMG-20240321-WA0006-1024x768.jpg 1024w, https:\/\/agora.xtec.cat\/ceip-marinada-barcelona\/wp-content\/uploads\/usu1756\/2024\/03\/IMG-20240321-WA0006-300x225.jpg 300w, https:\/\/agora.xtec.cat\/ceip-marinada-barcelona\/wp-content\/uploads\/usu1756\/2024\/03\/IMG-20240321-WA0006-768x576.jpg 768w, https:\/\/agora.xtec.cat\/ceip-marinada-barcelona\/wp-content\/uploads\/usu1756\/2024\/03\/IMG-20240321-WA0006-1536x1152.jpg 1536w, https:\/\/agora.xtec.cat\/ceip-marinada-barcelona\/wp-content\/uploads\/usu1756\/2024\/03\/IMG-20240321-WA0006-200x150.jpg 200w, https:\/\/agora.xtec.cat\/ceip-marinada-barcelona\/wp-content\/uploads\/usu1756\/2024\/03\/IMG-20240321-WA0006.jpg 2048w\" sizes=\"auto, (max-width: 444px) 100vw, 444px\" \/><\/a><a href=\"https:\/\/agora.xtec.cat\/ceip-marinada-barcelona\/wp-content\/uploads\/usu1756\/2024\/03\/IMG-20240321-WA0005-e1711101325178.jpg\"><img loading=\"lazy\" decoding=\"async\" class=\"alignnone  wp-image-6948\" src=\"https:\/\/agora.xtec.cat\/ceip-marinada-barcelona\/wp-content\/uploads\/usu1756\/2024\/03\/IMG-20240321-WA0005-e1711101325178-927x1024.jpg\" alt=\"\" width=\"388\" height=\"428\" srcset=\"https:\/\/agora.xtec.cat\/ceip-marinada-barcelona\/wp-content\/uploads\/usu1756\/2024\/03\/IMG-20240321-WA0005-e1711101325178-927x1024.jpg 927w, https:\/\/agora.xtec.cat\/ceip-marinada-barcelona\/wp-content\/uploads\/usu1756\/2024\/03\/IMG-20240321-WA0005-e1711101325178-272x300.jpg 272w, https:\/\/agora.xtec.cat\/ceip-marinada-barcelona\/wp-content\/uploads\/usu1756\/2024\/03\/IMG-20240321-WA0005-e1711101325178-768x848.jpg 768w, https:\/\/agora.xtec.cat\/ceip-marinada-barcelona\/wp-content\/uploads\/usu1756\/2024\/03\/IMG-20240321-WA0005-e1711101325178-1391x1536.jpg 1391w, https:\/\/agora.xtec.cat\/ceip-marinada-barcelona\/wp-content\/uploads\/usu1756\/2024\/03\/IMG-20240321-WA0005-e1711101325178.jpg 1536w\" sizes=\"auto, (max-width: 388px) 100vw, 388px\" \/><\/a><a href=\"https:\/\/agora.xtec.cat\/ceip-marinada-barcelona\/wp-content\/uploads\/usu1756\/2024\/03\/IMG-20240321-WA0007.jpg\"><img loading=\"lazy\" decoding=\"async\" class=\"alignnone  wp-image-6950\" src=\"https:\/\/agora.xtec.cat\/ceip-marinada-barcelona\/wp-content\/uploads\/usu1756\/2024\/03\/IMG-20240321-WA0007-1024x768.jpg\" alt=\"\" width=\"443\" height=\"333\" srcset=\"https:\/\/agora.xtec.cat\/ceip-marinada-barcelona\/wp-content\/uploads\/usu1756\/2024\/03\/IMG-20240321-WA0007-1024x768.jpg 1024w, https:\/\/agora.xtec.cat\/ceip-marinada-barcelona\/wp-content\/uploads\/usu1756\/2024\/03\/IMG-20240321-WA0007-300x225.jpg 300w, https:\/\/agora.xtec.cat\/ceip-marinada-barcelona\/wp-content\/uploads\/usu1756\/2024\/03\/IMG-20240321-WA0007-768x576.jpg 768w, https:\/\/agora.xtec.cat\/ceip-marinada-barcelona\/wp-content\/uploads\/usu1756\/2024\/03\/IMG-20240321-WA0007-1536x1152.jpg 1536w, https:\/\/agora.xtec.cat\/ceip-marinada-barcelona\/wp-content\/uploads\/usu1756\/2024\/03\/IMG-20240321-WA0007-200x150.jpg 200w, https:\/\/agora.xtec.cat\/ceip-marinada-barcelona\/wp-content\/uploads\/usu1756\/2024\/03\/IMG-20240321-WA0007.jpg 2048w\" sizes=\"auto, (max-width: 443px) 100vw, 443px\" \/><\/a><\/p>\n<p>&nbsp;<\/p>\n","protected":false},"excerpt":{"rendered":"<p>Dins del programa apadrinament de pag\u00e8s que fa l\u2019alumnat de 6\u00e8, el dilluns 18 de mar\u00e7 ens van instal\u00b7lar al pati la c\u00fapula Gustum i els alumnes de CM i CS van gaudir d\u2019aquesta experi\u00e8ncia.<br \/>\nVam parlar dels avantatges dels productes de proximitat com per exemple&hellip;  <a href=\"https:\/\/agora.xtec.cat\/ceip-marinada-barcelona\/portada\/la-cupula-gustum\/\" title=\"Read La C\u00fapula Gustum\">Llegeix m\u00e9s\u00bb<\/a><\/p>\n","protected":false},"author":1,"featured_media":0,"comment_status":"open","ping_status":"closed","sticky":false,"template":"","format":"standard","meta":{"_bbp_topic_count":0,"_bbp_reply_count":0,"_bbp_total_topic_count":0,"_bbp_total_reply_count":0,"_bbp_voice_count":0,"_bbp_anonymous_reply_count":0,"_bbp_topic_count_hidden":0,"_bbp_reply_count_hidden":0,"_bbp_forum_subforum_count":0,"footnotes":""},"categories":[12,13,14,15,89,90,95,4,5],"tags":[],"class_list":["post-6951","post","type-post","status-publish","format-standard","hentry","category-3r","category-4t","category-5e","category-6e","category-mitja","category-superior","category-menjadors-sans-i-sostenibles","category-portada","category-primaria"],"post_mailing_queue_ids":[],"_links":{"self":[{"href":"https:\/\/agora.xtec.cat\/ceip-marinada-barcelona\/wp-json\/wp\/v2\/posts\/6951","targetHints":{"allow":["GET"]}}],"collection":[{"href":"https:\/\/agora.xtec.cat\/ceip-marinada-barcelona\/wp-json\/wp\/v2\/posts"}],"about":[{"href":"https:\/\/agora.xtec.cat\/ceip-marinada-barcelona\/wp-json\/wp\/v2\/types\/post"}],"author":[{"embeddable":true,"href":"https:\/\/agora.xtec.cat\/ceip-marinada-barcelona\/wp-json\/wp\/v2\/users\/1"}],"replies":[{"embeddable":true,"href":"https:\/\/agora.xtec.cat\/ceip-marinada-barcelona\/wp-json\/wp\/v2\/comments?post=6951"}],"version-history":[{"count":1,"href":"https:\/\/agora.xtec.cat\/ceip-marinada-barcelona\/wp-json\/wp\/v2\/posts\/6951\/revisions"}],"predecessor-version":[{"id":6952,"href":"https:\/\/agora.xtec.cat\/ceip-marinada-barcelona\/wp-json\/wp\/v2\/posts\/6951\/revisions\/6952"}],"wp:attachment":[{"href":"https:\/\/agora.xtec.cat\/ceip-marinada-barcelona\/wp-json\/wp\/v2\/media?parent=6951"}],"wp:term":[{"taxonomy":"category","embeddable":true,"href":"https:\/\/agora.xtec.cat\/ceip-marinada-barcelona\/wp-json\/wp\/v2\/categories?post=6951"},{"taxonomy":"post_tag","embeddable":true,"href":"https:\/\/agora.xtec.cat\/ceip-marinada-barcelona\/wp-json\/wp\/v2\/tags?post=6951"}],"curies":[{"name":"wp","href":"https:\/\/api.w.org\/{rel}","templated":true}]}}