{"id":6830,"date":"2024-02-13T18:10:46","date_gmt":"2024-02-13T17:10:46","guid":{"rendered":"https:\/\/agora.xtec.cat\/ceip-marinada-barcelona\/?p=6830"},"modified":"2024-02-18T08:08:51","modified_gmt":"2024-02-18T07:08:51","slug":"carnaval-2024","status":"publish","type":"post","link":"https:\/\/agora.xtec.cat\/ceip-marinada-barcelona\/general\/carnaval-2024\/","title":{"rendered":"Carnaval 2024"},"content":{"rendered":"<p>El divendres dia 11 de febrer ens hem reunit fam\u00edlies, alumnes i mestres al pati per celebrar el Carnaval.<br \/>\nDespr\u00e9s d&#8217;un dia ple d&#8217;incerteses pel temps, al final hem pogut realitzar la Rua de Carnaval. Aquest any s&#8217;ha fet un concurs i s&#8217;han atorgat diferents diplomes:<\/p>\n<ul>\n<li>La desfilada m\u00e9s divertida per a la classe de les Estrelles.<\/li>\n<li>Les disfresses m\u00e9s coloraines per a la classe dels Ponis.<\/li>\n<li>La desfilada m\u00e9s original per la classe de les Flors.<\/li>\n<li>La desfilada m\u00e9s sorollosa per a la classe dels Dracs de Komodo.<\/li>\n<li>Les disfresses m\u00e9s realistes per a la classe dels Camaleons.<\/li>\n<li>Les disfresses m\u00e9s fant\u00e0stiques per a la classe de l&#8217;Univers.<\/li>\n<li>Les disfresses m\u00e9s animals per a la classe dels Investigadors i investigadores.<\/li>\n<li>La desfilada m\u00e9s ballarina per a la classe dels Artistes.<\/li>\n<li>Les disfresses m\u00e9s sorprenents per a la classe dels Fil\u00f2sofs i fil\u00f2sofes.<\/li>\n<\/ul>\n<p><iframe loading=\"lazy\" src=\"https:\/\/drive.google.com\/file\/d\/1UMk66qe6LmtV8Z0xEfxDd6t-yh3AcdeI\/preview\" width=\"640\" height=\"480\"><span data-mce-type=\"bookmark\" style=\"display: inline-block; width: 0px; overflow: hidden; line-height: 0;\" class=\"mce_SELRES_start\">\ufeff<\/span><\/iframe><\/p>\n","protected":false},"excerpt":{"rendered":"<p>El divendres dia 11 de febrer ens hem reunit fam\u00edlies, alumnes i mestres al pati per celebrar el Carnaval.<br \/>\nDespr\u00e9s d&#8217;un dia ple d&#8217;incerteses pel temps, al final hem pogut realitzar la Rua de Carnaval. Aquest any s&#8217;ha fet un concurs i s&#8217;han atorgat diferents diplomes:<\/p>\n<ul>\n<li>La&hellip;  <a href=\"https:\/\/agora.xtec.cat\/ceip-marinada-barcelona\/general\/carnaval-2024\/\" title=\"Read Carnaval 2024\">Llegeix m\u00e9s\u00bb<\/a><br \/>\n","protected":false},"author":1,"featured_media":0,"comment_status":"open","ping_status":"closed","sticky":false,"template":"","format":"standard","meta":{"_bbp_topic_count":0,"_bbp_reply_count":0,"_bbp_total_topic_count":0,"_bbp_total_reply_count":0,"_bbp_voice_count":0,"_bbp_anonymous_reply_count":0,"_bbp_topic_count_hidden":0,"_bbp_reply_count_hidden":0,"_bbp_forum_subforum_count":0,"footnotes":""},"categories":[10,11,12,13,14,15,88,89,90,2,127,1,3,8,9,126,125,4,5],"tags":[],"class_list":["post-6830","post","type-post","status-publish","format-standard","hentry","category-1r","category-2n","category-3r","category-4t","category-5e","category-6e","category-inicial","category-mitja","category-superior","category-infantil","category-els-ponis","category-general","category-i3","category-i4","category-i5","category-les-estrelles","category-les-flors","category-portada","category-primaria"],"post_mailing_queue_ids":[],"_links":{"self":[{"href":"https:\/\/agora.xtec.cat\/ceip-marinada-barcelona\/wp-json\/wp\/v2\/posts\/6830","targetHints":{"allow":["GET"]}}],"collection":[{"href":"https:\/\/agora.xtec.cat\/ceip-marinada-barcelona\/wp-json\/wp\/v2\/posts"}],"about":[{"href":"https:\/\/agora.xtec.cat\/ceip-marinada-barcelona\/wp-json\/wp\/v2\/types\/post"}],"author":[{"embeddable":true,"href":"https:\/\/agora.xtec.cat\/ceip-marinada-barcelona\/wp-json\/wp\/v2\/users\/1"}],"replies":[{"embeddable":true,"href":"https:\/\/agora.xtec.cat\/ceip-marinada-barcelona\/wp-json\/wp\/v2\/comments?post=6830"}],"version-history":[{"count":4,"href":"https:\/\/agora.xtec.cat\/ceip-marinada-barcelona\/wp-json\/wp\/v2\/posts\/6830\/revisions"}],"predecessor-version":[{"id":6834,"href":"https:\/\/agora.xtec.cat\/ceip-marinada-barcelona\/wp-json\/wp\/v2\/posts\/6830\/revisions\/6834"}],"wp:attachment":[{"href":"https:\/\/agora.xtec.cat\/ceip-marinada-barcelona\/wp-json\/wp\/v2\/media?parent=6830"}],"wp:term":[{"taxonomy":"category","embeddable":true,"href":"https:\/\/agora.xtec.cat\/ceip-marinada-barcelona\/wp-json\/wp\/v2\/categories?post=6830"},{"taxonomy":"post_tag","embeddable":true,"href":"https:\/\/agora.xtec.cat\/ceip-marinada-barcelona\/wp-json\/wp\/v2\/tags?post=6830"}],"curies":[{"name":"wp","href":"https:\/\/api.w.org\/{rel}","templated":true}]}}