{"id":6743,"date":"2024-01-13T19:11:42","date_gmt":"2024-01-13T18:11:42","guid":{"rendered":"https:\/\/agora.xtec.cat\/ceip-marinada-barcelona\/?p=6743"},"modified":"2024-01-13T19:13:11","modified_gmt":"2024-01-13T18:13:11","slug":"intercanvi-dactivitats-amb-lescola-tomas-moro","status":"publish","type":"post","link":"https:\/\/agora.xtec.cat\/ceip-marinada-barcelona\/general\/intercanvi-dactivitats-amb-lescola-tomas-moro\/","title":{"rendered":"Intercanvi d&#8217;activitats amb l&#8217;escola Tom\u00e0s Moro"},"content":{"rendered":"<p>La classe de 4t ha iniciat un intercanvi d&#8217;activitats amb els alumnes de 4t de l&#8217;escola Tom\u00e0s Moro. Aquest trimestre ens hem intercanviat les nostres presentacions personals. Ho hem fet en llengua anglesa. Ha sigut molt motivador perqu\u00e8 ten\u00edem ganes de con\u00e8ixer els nostres nous amics. Les vam passar a l&#8217;ordinador, en Word, i ens les hem enviat per correu electr\u00f2nic. Malgrat els entrebancs, en rebre-les, hem fet un buidatge de la informaci\u00f3, hem escrit un text sobre els nostres amics i hem posat totes les presentacions en un mural.<br \/>\nEn acabar el trimestre ens hem intercanviat un video per felicitar-nos les festes. Ho hem fet en catal\u00e0, castell\u00e0 i angl\u00e8s. Tamb\u00e9 ens hem cantat can\u00e7ons! Ha sigut s\u00faper!<br \/>\nPel seg\u00fcent trimestre, m\u00e9s emocions! <a href=\"https:\/\/agora.xtec.cat\/ceip-marinada-barcelona\/wp-content\/uploads\/usu1756\/2024\/01\/20231204_172755.jpg\"><img loading=\"lazy\" decoding=\"async\" class=\"alignnone size-large wp-image-6745\" src=\"https:\/\/agora.xtec.cat\/ceip-marinada-barcelona\/wp-content\/uploads\/usu1756\/2024\/01\/20231204_172755-1024x555.jpg\" alt=\"\" width=\"1024\" height=\"555\" srcset=\"https:\/\/agora.xtec.cat\/ceip-marinada-barcelona\/wp-content\/uploads\/usu1756\/2024\/01\/20231204_172755-1024x555.jpg 1024w, https:\/\/agora.xtec.cat\/ceip-marinada-barcelona\/wp-content\/uploads\/usu1756\/2024\/01\/20231204_172755-300x163.jpg 300w, https:\/\/agora.xtec.cat\/ceip-marinada-barcelona\/wp-content\/uploads\/usu1756\/2024\/01\/20231204_172755-768x416.jpg 768w, https:\/\/agora.xtec.cat\/ceip-marinada-barcelona\/wp-content\/uploads\/usu1756\/2024\/01\/20231204_172755-1536x832.jpg 1536w, https:\/\/agora.xtec.cat\/ceip-marinada-barcelona\/wp-content\/uploads\/usu1756\/2024\/01\/20231204_172755.jpg 1652w\" sizes=\"auto, (max-width: 1024px) 100vw, 1024px\" \/><\/a> <a href=\"https:\/\/agora.xtec.cat\/ceip-marinada-barcelona\/wp-content\/uploads\/usu1756\/2024\/01\/20231204_172808.jpg\"><img loading=\"lazy\" decoding=\"async\" class=\"alignnone size-large wp-image-6746\" src=\"https:\/\/agora.xtec.cat\/ceip-marinada-barcelona\/wp-content\/uploads\/usu1756\/2024\/01\/20231204_172808-1024x461.jpg\" alt=\"\" width=\"1024\" height=\"461\" srcset=\"https:\/\/agora.xtec.cat\/ceip-marinada-barcelona\/wp-content\/uploads\/usu1756\/2024\/01\/20231204_172808-1024x461.jpg 1024w, https:\/\/agora.xtec.cat\/ceip-marinada-barcelona\/wp-content\/uploads\/usu1756\/2024\/01\/20231204_172808-300x135.jpg 300w, https:\/\/agora.xtec.cat\/ceip-marinada-barcelona\/wp-content\/uploads\/usu1756\/2024\/01\/20231204_172808-768x346.jpg 768w, https:\/\/agora.xtec.cat\/ceip-marinada-barcelona\/wp-content\/uploads\/usu1756\/2024\/01\/20231204_172808-1536x691.jpg 1536w, https:\/\/agora.xtec.cat\/ceip-marinada-barcelona\/wp-content\/uploads\/usu1756\/2024\/01\/20231204_172808-2048x922.jpg 2048w\" sizes=\"auto, (max-width: 1024px) 100vw, 1024px\" \/><\/a> <a href=\"https:\/\/agora.xtec.cat\/ceip-marinada-barcelona\/wp-content\/uploads\/usu1756\/2024\/01\/20231205_100531.jpg\"><img loading=\"lazy\" decoding=\"async\" class=\"alignnone size-large wp-image-6748\" src=\"https:\/\/agora.xtec.cat\/ceip-marinada-barcelona\/wp-content\/uploads\/usu1756\/2024\/01\/20231205_100531-1024x461.jpg\" alt=\"\" width=\"1024\" height=\"461\" srcset=\"https:\/\/agora.xtec.cat\/ceip-marinada-barcelona\/wp-content\/uploads\/usu1756\/2024\/01\/20231205_100531-1024x461.jpg 1024w, https:\/\/agora.xtec.cat\/ceip-marinada-barcelona\/wp-content\/uploads\/usu1756\/2024\/01\/20231205_100531-300x135.jpg 300w, https:\/\/agora.xtec.cat\/ceip-marinada-barcelona\/wp-content\/uploads\/usu1756\/2024\/01\/20231205_100531-768x346.jpg 768w, https:\/\/agora.xtec.cat\/ceip-marinada-barcelona\/wp-content\/uploads\/usu1756\/2024\/01\/20231205_100531-1536x691.jpg 1536w, https:\/\/agora.xtec.cat\/ceip-marinada-barcelona\/wp-content\/uploads\/usu1756\/2024\/01\/20231205_100531-2048x922.jpg 2048w\" sizes=\"auto, (max-width: 1024px) 100vw, 1024px\" \/><\/a><\/p>\n","protected":false},"excerpt":{"rendered":"<p>La classe de 4t ha iniciat un intercanvi d&#8217;activitats amb els alumnes de 4t de l&#8217;escola Tom\u00e0s Moro. Aquest trimestre ens hem intercanviat les nostres presentacions personals. Ho hem fet en llengua anglesa. Ha sigut molt motivador perqu\u00e8 ten\u00edem ganes de con\u00e8ixer els nostres nous&hellip;  <a href=\"https:\/\/agora.xtec.cat\/ceip-marinada-barcelona\/general\/intercanvi-dactivitats-amb-lescola-tomas-moro\/\" title=\"Read Intercanvi d&#8217;activitats amb l&#8217;escola Tom\u00e0s Moro\">Llegeix m\u00e9s\u00bb<\/a><\/p>\n","protected":false},"author":5,"featured_media":0,"comment_status":"open","ping_status":"closed","sticky":false,"template":"","format":"standard","meta":{"_bbp_topic_count":0,"_bbp_reply_count":0,"_bbp_total_topic_count":0,"_bbp_total_reply_count":0,"_bbp_voice_count":0,"_bbp_anonymous_reply_count":0,"_bbp_topic_count_hidden":0,"_bbp_reply_count_hidden":0,"_bbp_forum_subforum_count":0,"footnotes":""},"categories":[13,89,1,4,5],"tags":[85,76],"class_list":["post-6743","post","type-post","status-publish","format-standard","hentry","category-4t","category-mitja","category-general","category-portada","category-primaria","tag-cicle-mitja","tag-llengua-anglesa"],"post_mailing_queue_ids":[],"_links":{"self":[{"href":"https:\/\/agora.xtec.cat\/ceip-marinada-barcelona\/wp-json\/wp\/v2\/posts\/6743","targetHints":{"allow":["GET"]}}],"collection":[{"href":"https:\/\/agora.xtec.cat\/ceip-marinada-barcelona\/wp-json\/wp\/v2\/posts"}],"about":[{"href":"https:\/\/agora.xtec.cat\/ceip-marinada-barcelona\/wp-json\/wp\/v2\/types\/post"}],"author":[{"embeddable":true,"href":"https:\/\/agora.xtec.cat\/ceip-marinada-barcelona\/wp-json\/wp\/v2\/users\/5"}],"replies":[{"embeddable":true,"href":"https:\/\/agora.xtec.cat\/ceip-marinada-barcelona\/wp-json\/wp\/v2\/comments?post=6743"}],"version-history":[{"count":2,"href":"https:\/\/agora.xtec.cat\/ceip-marinada-barcelona\/wp-json\/wp\/v2\/posts\/6743\/revisions"}],"predecessor-version":[{"id":6750,"href":"https:\/\/agora.xtec.cat\/ceip-marinada-barcelona\/wp-json\/wp\/v2\/posts\/6743\/revisions\/6750"}],"wp:attachment":[{"href":"https:\/\/agora.xtec.cat\/ceip-marinada-barcelona\/wp-json\/wp\/v2\/media?parent=6743"}],"wp:term":[{"taxonomy":"category","embeddable":true,"href":"https:\/\/agora.xtec.cat\/ceip-marinada-barcelona\/wp-json\/wp\/v2\/categories?post=6743"},{"taxonomy":"post_tag","embeddable":true,"href":"https:\/\/agora.xtec.cat\/ceip-marinada-barcelona\/wp-json\/wp\/v2\/tags?post=6743"}],"curies":[{"name":"wp","href":"https:\/\/api.w.org\/{rel}","templated":true}]}}