{"id":6723,"date":"2023-12-15T08:32:13","date_gmt":"2023-12-15T07:32:13","guid":{"rendered":"https:\/\/agora.xtec.cat\/ceip-marinada-barcelona\/?p=6723"},"modified":"2024-01-07T08:39:51","modified_gmt":"2024-01-07T07:39:51","slug":"6e-agermanament-pages","status":"publish","type":"post","link":"https:\/\/agora.xtec.cat\/ceip-marinada-barcelona\/portada\/6e-agermanament-pages\/","title":{"rendered":"6\u00e8: Agermanament pag\u00e8s"},"content":{"rendered":"<p>Benvolgudes fam\u00edlies!<br \/>\nCom ja sabeu, aquest curs els alumnes de 6\u00e8 fem un agermanament amb un pag\u00e8s del parc agrari del Prat de Llobregat. Es diu Jon\u00e0s i vam anar a con\u00e8ixer-lo a ell i al seu hort el passat 11 de desembre. Vam fer diverses activitats per ajudar-lo i ens va ensenyar la seva finca! Va ser un dia molt intens. Dies abans vam realitzar activitats a l\u2019aula per preparar la visita. Ja us explicarem, ja que es queden encara moltes coses per viure!<br \/>\n<iframe loading=\"lazy\" src=\"https:\/\/drive.google.com\/file\/d\/1o2yglSQ6A55NyWS4PRQBkoIMjH_Q-Kmr\/preview\" width=\"640\" height=\"480\"><\/iframe><\/p>\n","protected":false},"excerpt":{"rendered":"<p>Benvolgudes fam\u00edlies!<br \/>\nCom ja sabeu, aquest curs els alumnes de 6\u00e8 fem un agermanament amb un pag\u00e8s del parc agrari del Prat de Llobregat. Es diu Jon\u00e0s i vam anar a con\u00e8ixer-lo a ell i al seu hort el passat 11 de desembre. Vam fer diverses&hellip;  <a href=\"https:\/\/agora.xtec.cat\/ceip-marinada-barcelona\/portada\/6e-agermanament-pages\/\" title=\"Read 6\u00e8: Agermanament pag\u00e8s\">Llegeix m\u00e9s\u00bb<\/a><\/p>\n","protected":false},"author":1,"featured_media":0,"comment_status":"open","ping_status":"closed","sticky":false,"template":"","format":"standard","meta":{"_bbp_topic_count":0,"_bbp_reply_count":0,"_bbp_total_topic_count":0,"_bbp_total_reply_count":0,"_bbp_voice_count":0,"_bbp_anonymous_reply_count":0,"_bbp_topic_count_hidden":0,"_bbp_reply_count_hidden":0,"_bbp_forum_subforum_count":0,"footnotes":""},"categories":[15,90,109,95,4,5],"tags":[],"class_list":["post-6723","post","type-post","status-publish","format-standard","hentry","category-6e","category-superior","category-hort","category-menjadors-sans-i-sostenibles","category-portada","category-primaria"],"post_mailing_queue_ids":[],"_links":{"self":[{"href":"https:\/\/agora.xtec.cat\/ceip-marinada-barcelona\/wp-json\/wp\/v2\/posts\/6723","targetHints":{"allow":["GET"]}}],"collection":[{"href":"https:\/\/agora.xtec.cat\/ceip-marinada-barcelona\/wp-json\/wp\/v2\/posts"}],"about":[{"href":"https:\/\/agora.xtec.cat\/ceip-marinada-barcelona\/wp-json\/wp\/v2\/types\/post"}],"author":[{"embeddable":true,"href":"https:\/\/agora.xtec.cat\/ceip-marinada-barcelona\/wp-json\/wp\/v2\/users\/1"}],"replies":[{"embeddable":true,"href":"https:\/\/agora.xtec.cat\/ceip-marinada-barcelona\/wp-json\/wp\/v2\/comments?post=6723"}],"version-history":[{"count":2,"href":"https:\/\/agora.xtec.cat\/ceip-marinada-barcelona\/wp-json\/wp\/v2\/posts\/6723\/revisions"}],"predecessor-version":[{"id":6726,"href":"https:\/\/agora.xtec.cat\/ceip-marinada-barcelona\/wp-json\/wp\/v2\/posts\/6723\/revisions\/6726"}],"wp:attachment":[{"href":"https:\/\/agora.xtec.cat\/ceip-marinada-barcelona\/wp-json\/wp\/v2\/media?parent=6723"}],"wp:term":[{"taxonomy":"category","embeddable":true,"href":"https:\/\/agora.xtec.cat\/ceip-marinada-barcelona\/wp-json\/wp\/v2\/categories?post=6723"},{"taxonomy":"post_tag","embeddable":true,"href":"https:\/\/agora.xtec.cat\/ceip-marinada-barcelona\/wp-json\/wp\/v2\/tags?post=6723"}],"curies":[{"name":"wp","href":"https:\/\/api.w.org\/{rel}","templated":true}]}}