{"id":6674,"date":"2023-12-16T20:32:34","date_gmt":"2023-12-16T19:32:34","guid":{"rendered":"https:\/\/agora.xtec.cat\/ceip-marinada-barcelona\/?p=6674"},"modified":"2023-12-16T20:32:34","modified_gmt":"2023-12-16T19:32:34","slug":"els-ponis-i-les-flors-comparteixen-espais-de-joc","status":"publish","type":"post","link":"https:\/\/agora.xtec.cat\/ceip-marinada-barcelona\/general\/els-ponis-i-les-flors-comparteixen-espais-de-joc\/","title":{"rendered":"Els ponis i les flors comparteixen espais de joc"},"content":{"rendered":"<p>Tots els dimecres a la tarda obrim espais, i un dels objectius \u00e9s que cada infant pugui construir el seu propi aprenentatge a partir del joc, l\u2019exploraci\u00f3, l\u2019autoconeixement i la relaci\u00f3 amb els seus iguals i part de la comunitat educativa.<br \/>\nActualment, els infants d\u2019I4 i I5 comparteixen ambients de joc. Poden accedir de manera aut\u00f2noma, tot respectant els ritmes i els interessos individuals. Actualment en trobem; l\u2019espai de la caseta i el supermercat, el de metges, el de construcci\u00f3, el d\u2019art i creaci\u00f3 i finalment, el de psicomotricitat.<br \/>\nAquestes propostes estan pensades per experimentar, descobrir i despertar l\u2019inter\u00e8s dels nens i nenes, tenint en compte les diferents maneres d\u2019aprendre ( propostes manipulatives, sensorials, art\u00edstiques\u2026)<br \/>\nEn aquestes estones, tamb\u00e9 aprenem a expressar-nos, a compartir, a conviure tots plegats, afavorint sempre un clima acollidor i segur.<br \/>\n<strong>Acompanyem els infants des del respecte i amb una mirada amorosa, fent valdre la seva llibertat en la manera de fer. Alhora,<\/strong> establim els l\u00edmits necessaris per a sentir-se protegits. \u00c9s aix\u00ed com pensem que es genera <strong>l\u2019entorn adequat per a poder accedir a un aprenentatge significatiu.<br \/>\n<\/strong><strong>Durant el curs anireu veient articles relacionats amb aquests moments destinats als ambients d\u2019aprenentatge. I, a continuaci\u00f3, us deixem un petit tastet convertit en instants viscuts per els infants.<br \/>\n<iframe loading=\"lazy\" src=\"https:\/\/drive.google.com\/file\/d\/1Y9zglCZdWMmLLdudjjtgaF9_AolmUOH8\/preview\" width=\"640\" height=\"480\"><\/iframe><\/strong><\/p>\n","protected":false},"excerpt":{"rendered":"<p>Tots els dimecres a la tarda obrim espais, i un dels objectius \u00e9s que cada infant pugui construir el seu propi aprenentatge a partir del joc, l\u2019exploraci\u00f3, l\u2019autoconeixement i la relaci\u00f3 amb els seus iguals i part de la comunitat educativa.<br \/>\nActualment, els infants d\u2019I4 i&hellip;  <a href=\"https:\/\/agora.xtec.cat\/ceip-marinada-barcelona\/general\/els-ponis-i-les-flors-comparteixen-espais-de-joc\/\" title=\"Read Els ponis i les flors comparteixen espais de joc\">Llegeix m\u00e9s\u00bb<\/a><\/p>\n","protected":false},"author":1,"featured_media":0,"comment_status":"open","ping_status":"closed","sticky":false,"template":"","format":"standard","meta":{"_bbp_topic_count":0,"_bbp_reply_count":0,"_bbp_total_topic_count":0,"_bbp_total_reply_count":0,"_bbp_voice_count":0,"_bbp_anonymous_reply_count":0,"_bbp_topic_count_hidden":0,"_bbp_reply_count_hidden":0,"_bbp_forum_subforum_count":0,"footnotes":""},"categories":[2,127,1,8,9,125,4],"tags":[],"class_list":["post-6674","post","type-post","status-publish","format-standard","hentry","category-infantil","category-els-ponis","category-general","category-i4","category-i5","category-les-flors","category-portada"],"post_mailing_queue_ids":[],"_links":{"self":[{"href":"https:\/\/agora.xtec.cat\/ceip-marinada-barcelona\/wp-json\/wp\/v2\/posts\/6674","targetHints":{"allow":["GET"]}}],"collection":[{"href":"https:\/\/agora.xtec.cat\/ceip-marinada-barcelona\/wp-json\/wp\/v2\/posts"}],"about":[{"href":"https:\/\/agora.xtec.cat\/ceip-marinada-barcelona\/wp-json\/wp\/v2\/types\/post"}],"author":[{"embeddable":true,"href":"https:\/\/agora.xtec.cat\/ceip-marinada-barcelona\/wp-json\/wp\/v2\/users\/1"}],"replies":[{"embeddable":true,"href":"https:\/\/agora.xtec.cat\/ceip-marinada-barcelona\/wp-json\/wp\/v2\/comments?post=6674"}],"version-history":[{"count":2,"href":"https:\/\/agora.xtec.cat\/ceip-marinada-barcelona\/wp-json\/wp\/v2\/posts\/6674\/revisions"}],"predecessor-version":[{"id":6676,"href":"https:\/\/agora.xtec.cat\/ceip-marinada-barcelona\/wp-json\/wp\/v2\/posts\/6674\/revisions\/6676"}],"wp:attachment":[{"href":"https:\/\/agora.xtec.cat\/ceip-marinada-barcelona\/wp-json\/wp\/v2\/media?parent=6674"}],"wp:term":[{"taxonomy":"category","embeddable":true,"href":"https:\/\/agora.xtec.cat\/ceip-marinada-barcelona\/wp-json\/wp\/v2\/categories?post=6674"},{"taxonomy":"post_tag","embeddable":true,"href":"https:\/\/agora.xtec.cat\/ceip-marinada-barcelona\/wp-json\/wp\/v2\/tags?post=6674"}],"curies":[{"name":"wp","href":"https:\/\/api.w.org\/{rel}","templated":true}]}}