{"id":6636,"date":"2023-11-24T15:19:12","date_gmt":"2023-11-24T14:19:12","guid":{"rendered":"https:\/\/agora.xtec.cat\/ceip-marinada-barcelona\/?p=6636"},"modified":"2023-11-30T15:27:02","modified_gmt":"2023-11-30T14:27:02","slug":"cicle-inicial-visita-el-crarc","status":"publish","type":"post","link":"https:\/\/agora.xtec.cat\/ceip-marinada-barcelona\/portada\/cicle-inicial-visita-el-crarc\/","title":{"rendered":"Cicle Inicial visita el CRARC"},"content":{"rendered":"<p>Benvolgudes fam\u00edlies de 1r i 2n,<br \/>\nCom estem fent el projecte del nom de la classe \u201cEls camaleons\u201d i \u201cEls dracs de komodo\u201d, hem decidit fer una visita al Centre de Recuperaci\u00f3 d\u2019Amfibis i R\u00e8ptils de Catalunya (CRARC).<br \/>\nHem descobert molts r\u00e8ptils i amfibis, com culebres, pitons, moltes esp\u00e8cies de tortugues, serps, etc, i les seves caracter\u00edstiques. A m\u00e9s, les hem pogut tocar!<br \/>\nTamb\u00e9 ens han explicat la import\u00e0ncia de tenir cura dels animals i la consci\u00e8ncia que hem de tenir a l\u2019hora d\u2019adoptar un animal.<br \/>\nUna experi\u00e8ncia molt maca que hem compartir tots plegats els nens i nenes de 1r i 2n.<br \/>\nUs deixem un recull de fotografies d\u2019aquest dia. Esperem que us agradin!<br \/>\nEls Camaleons i els Dracs de Komodo.<br \/>\n<iframe loading=\"lazy\" src=\"https:\/\/drive.google.com\/file\/d\/19TyUGONR6I7RqET94KWBQLBhX1goCTo9\/preview\" width=\"640\" height=\"480\"><\/iframe><\/p>\n","protected":false},"excerpt":{"rendered":"<p>Benvolgudes fam\u00edlies de 1r i 2n,<br \/>\nCom estem fent el projecte del nom de la classe \u201cEls camaleons\u201d i \u201cEls dracs de komodo\u201d, hem decidit fer una visita al Centre de Recuperaci\u00f3 d\u2019Amfibis i R\u00e8ptils de Catalunya (CRARC).<br \/>\nHem descobert molts r\u00e8ptils i amfibis, com culebres, pitons,&hellip;  <a href=\"https:\/\/agora.xtec.cat\/ceip-marinada-barcelona\/portada\/cicle-inicial-visita-el-crarc\/\" title=\"Read Cicle Inicial visita el CRARC\">Llegeix m\u00e9s\u00bb<\/a><\/p>\n","protected":false},"author":1,"featured_media":0,"comment_status":"open","ping_status":"closed","sticky":false,"template":"","format":"standard","meta":{"_bbp_topic_count":0,"_bbp_reply_count":0,"_bbp_total_topic_count":0,"_bbp_total_reply_count":0,"_bbp_voice_count":0,"_bbp_anonymous_reply_count":0,"_bbp_topic_count_hidden":0,"_bbp_reply_count_hidden":0,"_bbp_forum_subforum_count":0,"footnotes":""},"categories":[10,11,88,4,5],"tags":[],"class_list":["post-6636","post","type-post","status-publish","format-standard","hentry","category-1r","category-2n","category-inicial","category-portada","category-primaria"],"post_mailing_queue_ids":[],"_links":{"self":[{"href":"https:\/\/agora.xtec.cat\/ceip-marinada-barcelona\/wp-json\/wp\/v2\/posts\/6636","targetHints":{"allow":["GET"]}}],"collection":[{"href":"https:\/\/agora.xtec.cat\/ceip-marinada-barcelona\/wp-json\/wp\/v2\/posts"}],"about":[{"href":"https:\/\/agora.xtec.cat\/ceip-marinada-barcelona\/wp-json\/wp\/v2\/types\/post"}],"author":[{"embeddable":true,"href":"https:\/\/agora.xtec.cat\/ceip-marinada-barcelona\/wp-json\/wp\/v2\/users\/1"}],"replies":[{"embeddable":true,"href":"https:\/\/agora.xtec.cat\/ceip-marinada-barcelona\/wp-json\/wp\/v2\/comments?post=6636"}],"version-history":[{"count":1,"href":"https:\/\/agora.xtec.cat\/ceip-marinada-barcelona\/wp-json\/wp\/v2\/posts\/6636\/revisions"}],"predecessor-version":[{"id":6637,"href":"https:\/\/agora.xtec.cat\/ceip-marinada-barcelona\/wp-json\/wp\/v2\/posts\/6636\/revisions\/6637"}],"wp:attachment":[{"href":"https:\/\/agora.xtec.cat\/ceip-marinada-barcelona\/wp-json\/wp\/v2\/media?parent=6636"}],"wp:term":[{"taxonomy":"category","embeddable":true,"href":"https:\/\/agora.xtec.cat\/ceip-marinada-barcelona\/wp-json\/wp\/v2\/categories?post=6636"},{"taxonomy":"post_tag","embeddable":true,"href":"https:\/\/agora.xtec.cat\/ceip-marinada-barcelona\/wp-json\/wp\/v2\/tags?post=6636"}],"curies":[{"name":"wp","href":"https:\/\/api.w.org\/{rel}","templated":true}]}}