{"id":6634,"date":"2023-11-02T18:32:39","date_gmt":"2023-11-02T17:32:39","guid":{"rendered":"https:\/\/agora.xtec.cat\/ceip-marinada-barcelona\/?p=6634"},"modified":"2023-11-29T18:42:55","modified_gmt":"2023-11-29T17:42:55","slug":"concert-de-tardor","status":"publish","type":"post","link":"https:\/\/agora.xtec.cat\/ceip-marinada-barcelona\/infantil\/concert-de-tardor\/","title":{"rendered":"Concert de Tardor"},"content":{"rendered":"<p>Com cada any,\u00a0 els nens i les nenes d&#8217;infantil i inicial ens hem reunit, al mat\u00ed, al pati per celebrar el Concert de Tardor. El dia de la Castanyada ens reunim per cantar les can\u00e7ons de tardor que hem apr\u00e8s a la classe.<br \/>\nAqu\u00ed us deixem una mostra!.<\/p>\n<p><iframe loading=\"lazy\" src=\"https:\/\/drive.google.com\/file\/d\/1I7LL_Xu6D8FFVOcdDN3EUVcUABMADFOa\/preview\" width=\"640\" height=\"480\"><\/iframe><\/p>\n","protected":false},"excerpt":{"rendered":"<p>Com cada any,\u00a0 els nens i les nenes d&#8217;infantil i inicial ens hem reunit, al mat\u00ed, al pati per celebrar el Concert de Tardor. El dia de la Castanyada ens reunim per cantar les can\u00e7ons de tardor que hem apr\u00e8s a la classe.<br \/>\nAqu\u00ed us deixem&hellip;  <a href=\"https:\/\/agora.xtec.cat\/ceip-marinada-barcelona\/infantil\/concert-de-tardor\/\" title=\"Read Concert de Tardor\">Llegeix m\u00e9s\u00bb<\/a><\/p>\n","protected":false},"author":1,"featured_media":0,"comment_status":"open","ping_status":"closed","sticky":false,"template":"","format":"standard","meta":{"_bbp_topic_count":0,"_bbp_reply_count":0,"_bbp_total_topic_count":0,"_bbp_total_reply_count":0,"_bbp_voice_count":0,"_bbp_anonymous_reply_count":0,"_bbp_topic_count_hidden":0,"_bbp_reply_count_hidden":0,"_bbp_forum_subforum_count":0,"footnotes":""},"categories":[10,11,88,2,127,3,8,9,126,125,4,5],"tags":[],"class_list":["post-6634","post","type-post","status-publish","format-standard","hentry","category-1r","category-2n","category-inicial","category-infantil","category-els-ponis","category-i3","category-i4","category-i5","category-les-estrelles","category-les-flors","category-portada","category-primaria"],"post_mailing_queue_ids":[],"_links":{"self":[{"href":"https:\/\/agora.xtec.cat\/ceip-marinada-barcelona\/wp-json\/wp\/v2\/posts\/6634","targetHints":{"allow":["GET"]}}],"collection":[{"href":"https:\/\/agora.xtec.cat\/ceip-marinada-barcelona\/wp-json\/wp\/v2\/posts"}],"about":[{"href":"https:\/\/agora.xtec.cat\/ceip-marinada-barcelona\/wp-json\/wp\/v2\/types\/post"}],"author":[{"embeddable":true,"href":"https:\/\/agora.xtec.cat\/ceip-marinada-barcelona\/wp-json\/wp\/v2\/users\/1"}],"replies":[{"embeddable":true,"href":"https:\/\/agora.xtec.cat\/ceip-marinada-barcelona\/wp-json\/wp\/v2\/comments?post=6634"}],"version-history":[{"count":1,"href":"https:\/\/agora.xtec.cat\/ceip-marinada-barcelona\/wp-json\/wp\/v2\/posts\/6634\/revisions"}],"predecessor-version":[{"id":6635,"href":"https:\/\/agora.xtec.cat\/ceip-marinada-barcelona\/wp-json\/wp\/v2\/posts\/6634\/revisions\/6635"}],"wp:attachment":[{"href":"https:\/\/agora.xtec.cat\/ceip-marinada-barcelona\/wp-json\/wp\/v2\/media?parent=6634"}],"wp:term":[{"taxonomy":"category","embeddable":true,"href":"https:\/\/agora.xtec.cat\/ceip-marinada-barcelona\/wp-json\/wp\/v2\/categories?post=6634"},{"taxonomy":"post_tag","embeddable":true,"href":"https:\/\/agora.xtec.cat\/ceip-marinada-barcelona\/wp-json\/wp\/v2\/tags?post=6634"}],"curies":[{"name":"wp","href":"https:\/\/api.w.org\/{rel}","templated":true}]}}