{"id":6440,"date":"2023-05-21T14:15:24","date_gmt":"2023-05-21T12:15:24","guid":{"rendered":"https:\/\/agora.xtec.cat\/ceip-marinada-barcelona\/?p=6440"},"modified":"2023-05-21T14:15:24","modified_gmt":"2023-05-21T12:15:24","slug":"5e-compartim-una-activitats-amb-avis","status":"publish","type":"post","link":"https:\/\/agora.xtec.cat\/ceip-marinada-barcelona\/general\/5e-compartim-una-activitats-amb-avis\/","title":{"rendered":"5\u00e8: compartim una activitats amb avis"},"content":{"rendered":"<p>El dia 3 de maig vam fer una activitat amb el centre de salut dels avis va ser molt xula,<br \/>\n<span style=\"font-family: inherit; font-size: 1em;\">Primer, vam presentar-nos tots.<\/span>Despr\u00e9s, vam fer una activitat amb objectes. Hav\u00edem de fer una fila i el primer portava un objecte i anava fent moviments amb aquest i la resta hav\u00edem d\u2019imitar-lo. Quan parava la m\u00fasica ens canvi\u00e0vem el lloc.<br \/>\nDespr\u00e9s ens vam reunir amb grups. Els nens i nenes port\u00e0vem els ulls tapats i els avis ens havien de portar passejant explicant-nos hist\u00f2ries de la seva infantessa. Tamb\u00e9 ens van ensenyar fotos de quan eren petits.<br \/>\nNosaltres els vam regalar dibuixos que els hav\u00edem preparat.<br \/>\nEns va agradar molt l\u2019experi\u00e8ncia i estem desitjant tornar-la a repetir.<br \/>\nMolt\u00edssimes gr\u00e0cies avis per la vostra alegria i participaci\u00f3!<br \/>\n<iframe loading=\"lazy\" title=\"YouTube video player\" src=\"https:\/\/www.youtube.com\/embed\/WJfQg_OLr7U\" width=\"560\" height=\"315\" frameborder=\"0\" allowfullscreen=\"allowfullscreen\"><\/iframe><\/p>\n","protected":false},"excerpt":{"rendered":"<p>El dia 3 de maig vam fer una activitat amb el centre de salut dels avis va ser molt xula,<br \/>\nPrimer, vam presentar-nos tots.Despr\u00e9s, vam fer una activitat amb objectes. Hav\u00edem de fer una fila i el primer portava un objecte i anava fent moviments amb&hellip;  <a href=\"https:\/\/agora.xtec.cat\/ceip-marinada-barcelona\/general\/5e-compartim-una-activitats-amb-avis\/\" title=\"Read 5\u00e8: compartim una activitats amb avis\">Llegeix m\u00e9s\u00bb<\/a><\/p>\n","protected":false},"author":1,"featured_media":6441,"comment_status":"open","ping_status":"closed","sticky":false,"template":"","format":"standard","meta":{"_bbp_topic_count":0,"_bbp_reply_count":0,"_bbp_total_topic_count":0,"_bbp_total_reply_count":0,"_bbp_voice_count":0,"_bbp_anonymous_reply_count":0,"_bbp_topic_count_hidden":0,"_bbp_reply_count_hidden":0,"_bbp_forum_subforum_count":0,"footnotes":""},"categories":[14,90,1,93,4,5],"tags":[],"class_list":["post-6440","post","type-post","status-publish","format-standard","has-post-thumbnail","hentry","category-5e","category-superior","category-general","category-mus-e","category-portada","category-primaria"],"post_mailing_queue_ids":[],"_links":{"self":[{"href":"https:\/\/agora.xtec.cat\/ceip-marinada-barcelona\/wp-json\/wp\/v2\/posts\/6440","targetHints":{"allow":["GET"]}}],"collection":[{"href":"https:\/\/agora.xtec.cat\/ceip-marinada-barcelona\/wp-json\/wp\/v2\/posts"}],"about":[{"href":"https:\/\/agora.xtec.cat\/ceip-marinada-barcelona\/wp-json\/wp\/v2\/types\/post"}],"author":[{"embeddable":true,"href":"https:\/\/agora.xtec.cat\/ceip-marinada-barcelona\/wp-json\/wp\/v2\/users\/1"}],"replies":[{"embeddable":true,"href":"https:\/\/agora.xtec.cat\/ceip-marinada-barcelona\/wp-json\/wp\/v2\/comments?post=6440"}],"version-history":[{"count":1,"href":"https:\/\/agora.xtec.cat\/ceip-marinada-barcelona\/wp-json\/wp\/v2\/posts\/6440\/revisions"}],"predecessor-version":[{"id":6442,"href":"https:\/\/agora.xtec.cat\/ceip-marinada-barcelona\/wp-json\/wp\/v2\/posts\/6440\/revisions\/6442"}],"wp:featuredmedia":[{"embeddable":true,"href":"https:\/\/agora.xtec.cat\/ceip-marinada-barcelona\/wp-json\/wp\/v2\/media\/6441"}],"wp:attachment":[{"href":"https:\/\/agora.xtec.cat\/ceip-marinada-barcelona\/wp-json\/wp\/v2\/media?parent=6440"}],"wp:term":[{"taxonomy":"category","embeddable":true,"href":"https:\/\/agora.xtec.cat\/ceip-marinada-barcelona\/wp-json\/wp\/v2\/categories?post=6440"},{"taxonomy":"post_tag","embeddable":true,"href":"https:\/\/agora.xtec.cat\/ceip-marinada-barcelona\/wp-json\/wp\/v2\/tags?post=6440"}],"curies":[{"name":"wp","href":"https:\/\/api.w.org\/{rel}","templated":true}]}}