{"id":6407,"date":"2023-04-29T10:27:35","date_gmt":"2023-04-29T08:27:35","guid":{"rendered":"https:\/\/agora.xtec.cat\/ceip-marinada-barcelona\/?p=6407"},"modified":"2023-05-07T10:41:10","modified_gmt":"2023-05-07T08:41:10","slug":"5e-cursa-dorientacio","status":"publish","type":"post","link":"https:\/\/agora.xtec.cat\/ceip-marinada-barcelona\/general\/5e-cursa-dorientacio\/","title":{"rendered":"5\u00e8: Cursa d&#8217;orientaci\u00f3"},"content":{"rendered":"<p>Boneees!<br \/>\nEl passat 19 d&#8217;abril els nens i nenes de 5\u00e9 vam anar a Sant Pere M\u00e0rtir, una muntanya que hi ha molt a prop de Barcelona. All\u00e0 vam fer una cursa d&#8217;orientaci\u00f3 i \u2026 tot i que els nostres mestr@s patissin per nosaltres tots la vam acabar en temps r\u00e8cord! La veritat \u00e9s que vam fer una mica de trampes ja que ens vam unir tots la classe per ajudar-nos i, tot i ser trampa, ens van felicitar!!!<br \/>\nHo vam passar genial!<br \/>\nFins aviat!<br \/>\n<iframe loading=\"lazy\" title=\"YouTube video player\" src=\"https:\/\/www.youtube.com\/embed\/xGPlOdxxVvM\" width=\"560\" height=\"315\" frameborder=\"0\" allowfullscreen=\"allowfullscreen\"><\/iframe><\/p>\n","protected":false},"excerpt":{"rendered":"<p>Boneees!<br \/>\nEl passat 19 d&#8217;abril els nens i nenes de 5\u00e9 vam anar a Sant Pere M\u00e0rtir, una muntanya que hi ha molt a prop de Barcelona. All\u00e0 vam fer una cursa d&#8217;orientaci\u00f3 i \u2026 tot i que els nostres mestr@s patissin per nosaltres tots la&hellip;  <a href=\"https:\/\/agora.xtec.cat\/ceip-marinada-barcelona\/general\/5e-cursa-dorientacio\/\" title=\"Read 5\u00e8: Cursa d&#8217;orientaci\u00f3\">Llegeix m\u00e9s\u00bb<\/a><\/p>\n","protected":false},"author":1,"featured_media":6408,"comment_status":"open","ping_status":"closed","sticky":false,"template":"","format":"standard","meta":{"_bbp_topic_count":0,"_bbp_reply_count":0,"_bbp_total_topic_count":0,"_bbp_total_reply_count":0,"_bbp_voice_count":0,"_bbp_anonymous_reply_count":0,"_bbp_topic_count_hidden":0,"_bbp_reply_count_hidden":0,"_bbp_forum_subforum_count":0,"footnotes":""},"categories":[14,90,1,4,5],"tags":[],"class_list":["post-6407","post","type-post","status-publish","format-standard","has-post-thumbnail","hentry","category-5e","category-superior","category-general","category-portada","category-primaria"],"post_mailing_queue_ids":[],"_links":{"self":[{"href":"https:\/\/agora.xtec.cat\/ceip-marinada-barcelona\/wp-json\/wp\/v2\/posts\/6407","targetHints":{"allow":["GET"]}}],"collection":[{"href":"https:\/\/agora.xtec.cat\/ceip-marinada-barcelona\/wp-json\/wp\/v2\/posts"}],"about":[{"href":"https:\/\/agora.xtec.cat\/ceip-marinada-barcelona\/wp-json\/wp\/v2\/types\/post"}],"author":[{"embeddable":true,"href":"https:\/\/agora.xtec.cat\/ceip-marinada-barcelona\/wp-json\/wp\/v2\/users\/1"}],"replies":[{"embeddable":true,"href":"https:\/\/agora.xtec.cat\/ceip-marinada-barcelona\/wp-json\/wp\/v2\/comments?post=6407"}],"version-history":[{"count":1,"href":"https:\/\/agora.xtec.cat\/ceip-marinada-barcelona\/wp-json\/wp\/v2\/posts\/6407\/revisions"}],"predecessor-version":[{"id":6409,"href":"https:\/\/agora.xtec.cat\/ceip-marinada-barcelona\/wp-json\/wp\/v2\/posts\/6407\/revisions\/6409"}],"wp:featuredmedia":[{"embeddable":true,"href":"https:\/\/agora.xtec.cat\/ceip-marinada-barcelona\/wp-json\/wp\/v2\/media\/6408"}],"wp:attachment":[{"href":"https:\/\/agora.xtec.cat\/ceip-marinada-barcelona\/wp-json\/wp\/v2\/media?parent=6407"}],"wp:term":[{"taxonomy":"category","embeddable":true,"href":"https:\/\/agora.xtec.cat\/ceip-marinada-barcelona\/wp-json\/wp\/v2\/categories?post=6407"},{"taxonomy":"post_tag","embeddable":true,"href":"https:\/\/agora.xtec.cat\/ceip-marinada-barcelona\/wp-json\/wp\/v2\/tags?post=6407"}],"curies":[{"name":"wp","href":"https:\/\/api.w.org\/{rel}","templated":true}]}}