{"id":6389,"date":"2023-05-04T13:05:12","date_gmt":"2023-05-04T11:05:12","guid":{"rendered":"https:\/\/agora.xtec.cat\/ceip-marinada-barcelona\/?p=6389"},"modified":"2023-05-04T13:19:37","modified_gmt":"2023-05-04T11:19:37","slug":"are-you-healthy","status":"publish","type":"post","link":"https:\/\/agora.xtec.cat\/ceip-marinada-barcelona\/general\/are-you-healthy\/","title":{"rendered":"ARE YOU HEALTHY???"},"content":{"rendered":"<p><a href=\"https:\/\/agora.xtec.cat\/ceip-marinada-barcelona\/wp-content\/uploads\/usu1756\/2023\/05\/MURAL-1.jpg\"><img loading=\"lazy\" decoding=\"async\" class=\"alignnone size-full wp-image-6393\" src=\"https:\/\/agora.xtec.cat\/ceip-marinada-barcelona\/wp-content\/uploads\/usu1756\/2023\/05\/MURAL-1.jpg\" alt=\"\" width=\"1024\" height=\"447\" srcset=\"https:\/\/agora.xtec.cat\/ceip-marinada-barcelona\/wp-content\/uploads\/usu1756\/2023\/05\/MURAL-1.jpg 1024w, https:\/\/agora.xtec.cat\/ceip-marinada-barcelona\/wp-content\/uploads\/usu1756\/2023\/05\/MURAL-1-300x131.jpg 300w, https:\/\/agora.xtec.cat\/ceip-marinada-barcelona\/wp-content\/uploads\/usu1756\/2023\/05\/MURAL-1-768x335.jpg 768w\" sizes=\"auto, (max-width: 1024px) 100vw, 1024px\" \/><\/a><\/p>\n<p><a href=\"https:\/\/agora.xtec.cat\/ceip-marinada-barcelona\/wp-content\/uploads\/usu1756\/2023\/05\/MURAL-2.jpg\"><img loading=\"lazy\" decoding=\"async\" class=\"alignnone size-full wp-image-6394\" src=\"https:\/\/agora.xtec.cat\/ceip-marinada-barcelona\/wp-content\/uploads\/usu1756\/2023\/05\/MURAL-2.jpg\" alt=\"\" width=\"1024\" height=\"433\" srcset=\"https:\/\/agora.xtec.cat\/ceip-marinada-barcelona\/wp-content\/uploads\/usu1756\/2023\/05\/MURAL-2.jpg 1024w, https:\/\/agora.xtec.cat\/ceip-marinada-barcelona\/wp-content\/uploads\/usu1756\/2023\/05\/MURAL-2-300x127.jpg 300w, https:\/\/agora.xtec.cat\/ceip-marinada-barcelona\/wp-content\/uploads\/usu1756\/2023\/05\/MURAL-2-768x325.jpg 768w\" sizes=\"auto, (max-width: 1024px) 100vw, 1024px\" \/><\/a>A l&#8217;\u00e0rea de Llengua anglesa, amb els alumnes de CM hem estat treballant sobre els aliments i els h\u00e0bits de vida saludable ( menjar sa i variat, fer exercici diari i descansar b\u00e9). Hem ampliat el vocabulari sobre els aliments i els seus nutrients, hem contestat una enquesta sobre els nostres h\u00e0bits i l&#8217;hem analitzat i extret conclusions. Podr\u00edem dir que som uns grups prou saludables tot i que hi ha coses que es poden millorar. Tamb\u00e9 hem fet uns &#8220;slogans&#8221;animant a practicar un estil de vida saludable. Aqu\u00ed teniu unes fotos i un v\u00eddeo per presentar-vos la nostra feina i animar a totes les fam\u00edlies a millorar aquest estil de vida per tal que sigui m\u00e9s saludable.<\/p>\n<p><em>In the English class, with the CM students we have been working on food and healthy lifestyle habits (healthy and varied food, daily exercise and good rest). We learnt more vocabulary about food and its nutrients, we answered a survey about our habits and analyzed it and got some conclusions. We could say that we are quite healthy, although there are some habits we can improve. We have also made some &#8220;slogans&#8221; encouraging to practice a healthy lifestyle. Here are some photos and a video to show our work and to encourage all families to improve their lifestyle in order to be healthier.<\/em><\/p>\n<p>&nbsp;<\/p>\n<p>ARE YOU HEALTHY???<\/p>\n<p><a href=\"https:\/\/youtu.be\/cNzynz3YQ1k\">https:\/\/youtu.be\/cNzynz3YQ1k<\/a><\/p>\n<p>&nbsp;<\/p>\n","protected":false},"excerpt":{"rendered":"<p><a href=\"https:\/\/agora.xtec.cat\/ceip-marinada-barcelona\/wp-content\/uploads\/usu1756\/2023\/05\/MURAL-1.jpg\"><\/a><br \/>\n<a href=\"https:\/\/agora.xtec.cat\/ceip-marinada-barcelona\/wp-content\/uploads\/usu1756\/2023\/05\/MURAL-2.jpg\"><\/a>A l&#8217;\u00e0rea de Llengua anglesa, amb els alumnes de CM hem estat treballant sobre els aliments i els h\u00e0bits de vida saludable ( menjar sa i variat, fer exercici diari i descansar b\u00e9). Hem ampliat el vocabulari sobre els aliments i els seus&hellip;  <a href=\"https:\/\/agora.xtec.cat\/ceip-marinada-barcelona\/general\/are-you-healthy\/\" title=\"Read ARE YOU HEALTHY???\">Llegeix m\u00e9s\u00bb<\/a><\/p>\n","protected":false},"author":5,"featured_media":6392,"comment_status":"open","ping_status":"closed","sticky":false,"template":"","format":"standard","meta":{"_bbp_topic_count":0,"_bbp_reply_count":0,"_bbp_total_topic_count":0,"_bbp_total_reply_count":0,"_bbp_voice_count":0,"_bbp_anonymous_reply_count":0,"_bbp_topic_count_hidden":0,"_bbp_reply_count_hidden":0,"_bbp_forum_subforum_count":0,"footnotes":""},"categories":[12,13,89,94,1,95,4],"tags":[76],"class_list":["post-6389","post","type-post","status-publish","format-standard","has-post-thumbnail","hentry","category-3r","category-4t","category-mitja","category-escoles-sostenibles","category-general","category-menjadors-sans-i-sostenibles","category-portada","tag-llengua-anglesa"],"post_mailing_queue_ids":[],"_links":{"self":[{"href":"https:\/\/agora.xtec.cat\/ceip-marinada-barcelona\/wp-json\/wp\/v2\/posts\/6389","targetHints":{"allow":["GET"]}}],"collection":[{"href":"https:\/\/agora.xtec.cat\/ceip-marinada-barcelona\/wp-json\/wp\/v2\/posts"}],"about":[{"href":"https:\/\/agora.xtec.cat\/ceip-marinada-barcelona\/wp-json\/wp\/v2\/types\/post"}],"author":[{"embeddable":true,"href":"https:\/\/agora.xtec.cat\/ceip-marinada-barcelona\/wp-json\/wp\/v2\/users\/5"}],"replies":[{"embeddable":true,"href":"https:\/\/agora.xtec.cat\/ceip-marinada-barcelona\/wp-json\/wp\/v2\/comments?post=6389"}],"version-history":[{"count":3,"href":"https:\/\/agora.xtec.cat\/ceip-marinada-barcelona\/wp-json\/wp\/v2\/posts\/6389\/revisions"}],"predecessor-version":[{"id":6396,"href":"https:\/\/agora.xtec.cat\/ceip-marinada-barcelona\/wp-json\/wp\/v2\/posts\/6389\/revisions\/6396"}],"wp:featuredmedia":[{"embeddable":true,"href":"https:\/\/agora.xtec.cat\/ceip-marinada-barcelona\/wp-json\/wp\/v2\/media\/6392"}],"wp:attachment":[{"href":"https:\/\/agora.xtec.cat\/ceip-marinada-barcelona\/wp-json\/wp\/v2\/media?parent=6389"}],"wp:term":[{"taxonomy":"category","embeddable":true,"href":"https:\/\/agora.xtec.cat\/ceip-marinada-barcelona\/wp-json\/wp\/v2\/categories?post=6389"},{"taxonomy":"post_tag","embeddable":true,"href":"https:\/\/agora.xtec.cat\/ceip-marinada-barcelona\/wp-json\/wp\/v2\/tags?post=6389"}],"curies":[{"name":"wp","href":"https:\/\/api.w.org\/{rel}","templated":true}]}}