{"id":6368,"date":"2023-05-02T23:51:56","date_gmt":"2023-05-02T21:51:56","guid":{"rendered":"https:\/\/agora.xtec.cat\/ceip-marinada-barcelona\/?p=6368"},"modified":"2023-05-27T22:45:14","modified_gmt":"2023-05-27T20:45:14","slug":"aliments-ensucrats-a-3r","status":"publish","type":"post","link":"https:\/\/agora.xtec.cat\/ceip-marinada-barcelona\/general\/aliments-ensucrats-a-3r\/","title":{"rendered":"Projecte aliments ensucrats a 3r"},"content":{"rendered":"<p>La colla Barcelonina hem treballat el sucre que porten els aliments.<\/p>\n<p>Cada grup va portar un tipus d\u2019aliment diferent. El primer pas va ser observar quant sucre portava l\u2019aliment per cada 100 g i despr\u00e9s el vam pesar. A continuaci\u00f3, vam calcular quantes bosses de sucre portava el paquet. Finalment vam fer un mural que vam penjar a la paret del passad\u00eds.<\/p>\n<p>En conclusi\u00f3, no podem menjar massa sucre perqu\u00e8 no \u00e9s gaire saludable.<\/p>\n<p><a href=\"https:\/\/agora.xtec.cat\/ceip-marinada-barcelona\/wp-content\/uploads\/usu1756\/2023\/05\/IMG_9283-scaled.jpg\"><img loading=\"lazy\" decoding=\"async\" class=\"wp-image-6371 aligncenter\" src=\"https:\/\/agora.xtec.cat\/ceip-marinada-barcelona\/wp-content\/uploads\/usu1756\/2023\/05\/IMG_9283-768x1024.jpg\" alt=\"\" width=\"686\" height=\"915\" srcset=\"https:\/\/agora.xtec.cat\/ceip-marinada-barcelona\/wp-content\/uploads\/usu1756\/2023\/05\/IMG_9283-768x1024.jpg 768w, https:\/\/agora.xtec.cat\/ceip-marinada-barcelona\/wp-content\/uploads\/usu1756\/2023\/05\/IMG_9283-225x300.jpg 225w, https:\/\/agora.xtec.cat\/ceip-marinada-barcelona\/wp-content\/uploads\/usu1756\/2023\/05\/IMG_9283-1152x1536.jpg 1152w, https:\/\/agora.xtec.cat\/ceip-marinada-barcelona\/wp-content\/uploads\/usu1756\/2023\/05\/IMG_9283-1536x2048.jpg 1536w, https:\/\/agora.xtec.cat\/ceip-marinada-barcelona\/wp-content\/uploads\/usu1756\/2023\/05\/IMG_9283-scaled.jpg 1920w\" sizes=\"auto, (max-width: 686px) 100vw, 686px\" \/><\/a> <a href=\"https:\/\/agora.xtec.cat\/ceip-marinada-barcelona\/wp-content\/uploads\/usu1756\/2023\/05\/IMG_9306-scaled.jpg\"><img loading=\"lazy\" decoding=\"async\" class=\"wp-image-6372 aligncenter\" src=\"https:\/\/agora.xtec.cat\/ceip-marinada-barcelona\/wp-content\/uploads\/usu1756\/2023\/05\/IMG_9306-768x1024.jpg\" alt=\"\" width=\"685\" height=\"913\" srcset=\"https:\/\/agora.xtec.cat\/ceip-marinada-barcelona\/wp-content\/uploads\/usu1756\/2023\/05\/IMG_9306-768x1024.jpg 768w, https:\/\/agora.xtec.cat\/ceip-marinada-barcelona\/wp-content\/uploads\/usu1756\/2023\/05\/IMG_9306-225x300.jpg 225w, https:\/\/agora.xtec.cat\/ceip-marinada-barcelona\/wp-content\/uploads\/usu1756\/2023\/05\/IMG_9306-1152x1536.jpg 1152w, https:\/\/agora.xtec.cat\/ceip-marinada-barcelona\/wp-content\/uploads\/usu1756\/2023\/05\/IMG_9306-1536x2048.jpg 1536w, https:\/\/agora.xtec.cat\/ceip-marinada-barcelona\/wp-content\/uploads\/usu1756\/2023\/05\/IMG_9306-scaled.jpg 1920w\" sizes=\"auto, (max-width: 685px) 100vw, 685px\" \/><\/a> <a href=\"https:\/\/agora.xtec.cat\/ceip-marinada-barcelona\/wp-content\/uploads\/usu1756\/2023\/05\/IMG_1147-1-scaled.jpg\"><img loading=\"lazy\" decoding=\"async\" class=\" wp-image-6375 aligncenter\" src=\"https:\/\/agora.xtec.cat\/ceip-marinada-barcelona\/wp-content\/uploads\/usu1756\/2023\/05\/IMG_1147-1-768x1024.jpg\" alt=\"\" width=\"694\" height=\"925\" srcset=\"https:\/\/agora.xtec.cat\/ceip-marinada-barcelona\/wp-content\/uploads\/usu1756\/2023\/05\/IMG_1147-1-768x1024.jpg 768w, https:\/\/agora.xtec.cat\/ceip-marinada-barcelona\/wp-content\/uploads\/usu1756\/2023\/05\/IMG_1147-1-225x300.jpg 225w, https:\/\/agora.xtec.cat\/ceip-marinada-barcelona\/wp-content\/uploads\/usu1756\/2023\/05\/IMG_1147-1-1152x1536.jpg 1152w, https:\/\/agora.xtec.cat\/ceip-marinada-barcelona\/wp-content\/uploads\/usu1756\/2023\/05\/IMG_1147-1-1536x2048.jpg 1536w, https:\/\/agora.xtec.cat\/ceip-marinada-barcelona\/wp-content\/uploads\/usu1756\/2023\/05\/IMG_1147-1-scaled.jpg 1920w\" sizes=\"auto, (max-width: 694px) 100vw, 694px\" \/><\/a> <a href=\"https:\/\/agora.xtec.cat\/ceip-marinada-barcelona\/wp-content\/uploads\/usu1756\/2023\/05\/IMG_9311-scaled.jpg\"><img loading=\"lazy\" decoding=\"async\" class=\"alignnone size-large wp-image-6376\" src=\"https:\/\/agora.xtec.cat\/ceip-marinada-barcelona\/wp-content\/uploads\/usu1756\/2023\/05\/IMG_9311-768x1024.jpg\" alt=\"\" width=\"768\" height=\"1024\" srcset=\"https:\/\/agora.xtec.cat\/ceip-marinada-barcelona\/wp-content\/uploads\/usu1756\/2023\/05\/IMG_9311-768x1024.jpg 768w, https:\/\/agora.xtec.cat\/ceip-marinada-barcelona\/wp-content\/uploads\/usu1756\/2023\/05\/IMG_9311-225x300.jpg 225w, https:\/\/agora.xtec.cat\/ceip-marinada-barcelona\/wp-content\/uploads\/usu1756\/2023\/05\/IMG_9311-1152x1536.jpg 1152w, https:\/\/agora.xtec.cat\/ceip-marinada-barcelona\/wp-content\/uploads\/usu1756\/2023\/05\/IMG_9311-1536x2048.jpg 1536w, https:\/\/agora.xtec.cat\/ceip-marinada-barcelona\/wp-content\/uploads\/usu1756\/2023\/05\/IMG_9311-scaled.jpg 1920w\" sizes=\"auto, (max-width: 768px) 100vw, 768px\" \/><\/a><\/p>\n","protected":false},"excerpt":{"rendered":"<p>La colla Barcelonina hem treballat el sucre que porten els aliments.<br \/>\nCada grup va portar un tipus d\u2019aliment diferent. El primer pas va ser observar quant sucre portava l\u2019aliment per cada 100 g i despr\u00e9s el vam pesar. A continuaci\u00f3, vam calcular quantes bosses de sucre&hellip;  <a href=\"https:\/\/agora.xtec.cat\/ceip-marinada-barcelona\/general\/aliments-ensucrats-a-3r\/\" title=\"Read Projecte aliments ensucrats a 3r\">Llegeix m\u00e9s\u00bb<\/a><\/p>\n","protected":false},"author":5,"featured_media":0,"comment_status":"open","ping_status":"closed","sticky":false,"template":"","format":"standard","meta":{"_bbp_topic_count":0,"_bbp_reply_count":0,"_bbp_total_topic_count":0,"_bbp_total_reply_count":0,"_bbp_voice_count":0,"_bbp_anonymous_reply_count":0,"_bbp_topic_count_hidden":0,"_bbp_reply_count_hidden":0,"_bbp_forum_subforum_count":0,"footnotes":""},"categories":[12,89,94,1,95,4,5,118],"tags":[],"class_list":["post-6368","post","type-post","status-publish","format-standard","hentry","category-3r","category-mitja","category-escoles-sostenibles","category-general","category-menjadors-sans-i-sostenibles","category-portada","category-primaria","category-projecte"],"post_mailing_queue_ids":[],"_links":{"self":[{"href":"https:\/\/agora.xtec.cat\/ceip-marinada-barcelona\/wp-json\/wp\/v2\/posts\/6368","targetHints":{"allow":["GET"]}}],"collection":[{"href":"https:\/\/agora.xtec.cat\/ceip-marinada-barcelona\/wp-json\/wp\/v2\/posts"}],"about":[{"href":"https:\/\/agora.xtec.cat\/ceip-marinada-barcelona\/wp-json\/wp\/v2\/types\/post"}],"author":[{"embeddable":true,"href":"https:\/\/agora.xtec.cat\/ceip-marinada-barcelona\/wp-json\/wp\/v2\/users\/5"}],"replies":[{"embeddable":true,"href":"https:\/\/agora.xtec.cat\/ceip-marinada-barcelona\/wp-json\/wp\/v2\/comments?post=6368"}],"version-history":[{"count":3,"href":"https:\/\/agora.xtec.cat\/ceip-marinada-barcelona\/wp-json\/wp\/v2\/posts\/6368\/revisions"}],"predecessor-version":[{"id":6461,"href":"https:\/\/agora.xtec.cat\/ceip-marinada-barcelona\/wp-json\/wp\/v2\/posts\/6368\/revisions\/6461"}],"wp:attachment":[{"href":"https:\/\/agora.xtec.cat\/ceip-marinada-barcelona\/wp-json\/wp\/v2\/media?parent=6368"}],"wp:term":[{"taxonomy":"category","embeddable":true,"href":"https:\/\/agora.xtec.cat\/ceip-marinada-barcelona\/wp-json\/wp\/v2\/categories?post=6368"},{"taxonomy":"post_tag","embeddable":true,"href":"https:\/\/agora.xtec.cat\/ceip-marinada-barcelona\/wp-json\/wp\/v2\/tags?post=6368"}],"curies":[{"name":"wp","href":"https:\/\/api.w.org\/{rel}","templated":true}]}}