{"id":6317,"date":"2023-04-23T19:16:00","date_gmt":"2023-04-23T17:16:00","guid":{"rendered":"https:\/\/agora.xtec.cat\/ceip-marinada-barcelona\/?p=6317"},"modified":"2023-04-23T19:19:39","modified_gmt":"2023-04-23T17:19:39","slug":"what-have-we-got-for-breakfast","status":"publish","type":"post","link":"https:\/\/agora.xtec.cat\/ceip-marinada-barcelona\/general\/what-have-we-got-for-breakfast\/","title":{"rendered":"WHAT HAVE WE GOT FOR BREAKFAST?"},"content":{"rendered":"<p><strong>Amb els alumnes de CI hem estat treballant sobre els aliments. Hem apr\u00e8s el nom de coses que mengem, hem anat fent fotografies dels nostres esmorzars per tal d&#8217;analitzar en quin grau s\u00f3n esmorzars saludables i tamb\u00e9 hem parat atenci\u00f3 en els embolcalls que fem servir per valorar si col\u00b7laborem d&#8217;alguna manera en la sostenibilitat i cura del medi ambient.<\/strong><\/p>\n<p><strong>Hem tret conclusions molt positives de la nostra observaci\u00f3:<\/strong><br \/>\n<strong>&#8211; Portem esmorzars molt saludables: fruites, entrepans, cereals, fruits secs, lactis&#8230;<\/strong><br \/>\n<strong>&#8211; La gran majoria fem servir carmanyola i aix\u00ed estalviem l\u2019\u00fas de paper d\u2019alumini, pl\u00e0stic i altres embolcalls que s\u00f3n menys sostenibles.<\/strong><\/p>\n<p><strong>Aqu\u00ed teniu un v\u00eddeo i algunes fotos amb els resultats del nostre estudi.<\/strong><\/p>\n<p><strong><em>With the CI students we&#8217;ve been working on food. We\u2019ve learned the names of what we eat, we have been taking photographs of our breakfasts in order to analyze to what degree they are healthy breakfasts and we have also paid attention to the wrappers we use to assess whether we collaborate in any way in the sustainability and care for the environment.<\/em><\/strong><br \/>\n<strong><em>We\u2019ve got very interesting conclusions from our observation:<\/em><\/strong><\/p>\n<p><strong><em>&#8211; We bring very healthy breakfasts: fruit, sandwiches, cereals, nuts, dairy&#8230;<\/em><\/strong><br \/>\n<strong><em>&#8211; Most of us use lunch boxes and thus save the use of aluminum foil, plastic and other less sustainable packaging.<\/em><\/strong><\/p>\n<p><strong><em>Here is a video and some photos with the results of our study.<\/em><\/strong><\/p>\n<p><iframe loading=\"lazy\" title=\"YouTube video player\" src=\"https:\/\/www.youtube.com\/embed\/DlPyRIINle4\" width=\"560\" height=\"315\" frameborder=\"0\"><\/iframe><\/p>\n<p><a href=\"https:\/\/youtu.be\/DlPyRIINle4\">WHAT HAVE WE GOTFOR BREAKFAST? 1R<\/a><iframe loading=\"lazy\" title=\"YouTube video player\" src=\"https:\/\/www.youtube.com\/embed\/od7-14qyT34\" width=\"560\" height=\"315\" frameborder=\"0\"><\/iframe><\/p>\n<p>WHAT HAVE WE GOT FOR BREAKFAST? 2N<\/p>\n","protected":false},"excerpt":{"rendered":"<p>Amb els alumnes de CI hem estat treballant sobre els aliments. Hem apr\u00e8s el nom de coses que mengem, hem anat fent fotografies dels nostres esmorzars per tal d&#8217;analitzar en quin grau s\u00f3n esmorzars saludables i tamb\u00e9 hem parat atenci\u00f3 en els embolcalls que fem&hellip;  <a href=\"https:\/\/agora.xtec.cat\/ceip-marinada-barcelona\/general\/what-have-we-got-for-breakfast\/\" title=\"Read WHAT HAVE WE GOT FOR BREAKFAST?\">Llegeix m\u00e9s\u00bb<\/a><\/p>\n","protected":false},"author":4,"featured_media":6323,"comment_status":"open","ping_status":"closed","sticky":false,"template":"","format":"standard","meta":{"_bbp_topic_count":0,"_bbp_reply_count":0,"_bbp_total_topic_count":0,"_bbp_total_reply_count":0,"_bbp_voice_count":0,"_bbp_anonymous_reply_count":0,"_bbp_topic_count_hidden":0,"_bbp_reply_count_hidden":0,"_bbp_forum_subforum_count":0,"footnotes":""},"categories":[10,11,88,94,1,95,4],"tags":[76],"class_list":["post-6317","post","type-post","status-publish","format-standard","has-post-thumbnail","hentry","category-1r","category-2n","category-inicial","category-escoles-sostenibles","category-general","category-menjadors-sans-i-sostenibles","category-portada","tag-llengua-anglesa"],"post_mailing_queue_ids":[],"_links":{"self":[{"href":"https:\/\/agora.xtec.cat\/ceip-marinada-barcelona\/wp-json\/wp\/v2\/posts\/6317","targetHints":{"allow":["GET"]}}],"collection":[{"href":"https:\/\/agora.xtec.cat\/ceip-marinada-barcelona\/wp-json\/wp\/v2\/posts"}],"about":[{"href":"https:\/\/agora.xtec.cat\/ceip-marinada-barcelona\/wp-json\/wp\/v2\/types\/post"}],"author":[{"embeddable":true,"href":"https:\/\/agora.xtec.cat\/ceip-marinada-barcelona\/wp-json\/wp\/v2\/users\/4"}],"replies":[{"embeddable":true,"href":"https:\/\/agora.xtec.cat\/ceip-marinada-barcelona\/wp-json\/wp\/v2\/comments?post=6317"}],"version-history":[{"count":3,"href":"https:\/\/agora.xtec.cat\/ceip-marinada-barcelona\/wp-json\/wp\/v2\/posts\/6317\/revisions"}],"predecessor-version":[{"id":6322,"href":"https:\/\/agora.xtec.cat\/ceip-marinada-barcelona\/wp-json\/wp\/v2\/posts\/6317\/revisions\/6322"}],"wp:featuredmedia":[{"embeddable":true,"href":"https:\/\/agora.xtec.cat\/ceip-marinada-barcelona\/wp-json\/wp\/v2\/media\/6323"}],"wp:attachment":[{"href":"https:\/\/agora.xtec.cat\/ceip-marinada-barcelona\/wp-json\/wp\/v2\/media?parent=6317"}],"wp:term":[{"taxonomy":"category","embeddable":true,"href":"https:\/\/agora.xtec.cat\/ceip-marinada-barcelona\/wp-json\/wp\/v2\/categories?post=6317"},{"taxonomy":"post_tag","embeddable":true,"href":"https:\/\/agora.xtec.cat\/ceip-marinada-barcelona\/wp-json\/wp\/v2\/tags?post=6317"}],"curies":[{"name":"wp","href":"https:\/\/api.w.org\/{rel}","templated":true}]}}