{"id":6203,"date":"2023-02-27T14:48:44","date_gmt":"2023-02-27T13:48:44","guid":{"rendered":"https:\/\/agora.xtec.cat\/ceip-marinada-barcelona\/?p=6203"},"modified":"2023-02-27T15:30:06","modified_gmt":"2023-02-27T14:30:06","slug":"taller-de-reptils-i-amfibis-a-tercer","status":"publish","type":"post","link":"https:\/\/agora.xtec.cat\/ceip-marinada-barcelona\/general\/taller-de-reptils-i-amfibis-a-tercer\/","title":{"rendered":"Taller de r\u00e8ptils i amfibis a cicle mitj\u00e0!"},"content":{"rendered":"<p>Bones! Avui a cicle mitj\u00e0 hem fet un taller de r\u00e8ptils i amfibis.<\/p>\n<p>Ha estat una experi\u00e8ncia molt interessant i emocionant. En la qual hem pogut veure i tocar una gran varietat d&#8217;animals que ens ha ensenyat en Diego.\u00a0Tamb\u00e9 hem pogut con\u00e8ixer caracter\u00edstiques pr\u00f2pies de totes aquestes esp\u00e8cies que hem tingut tan a prop, com ara el tacte de la seva pell, la temperatura i com s\u2019alimenten.\u00a0Alguns ens hem espantat, per\u00f2 a poc a poc hem comen\u00e7at a ser valents i a gaudir de tenir aquests animals tan a prop.\u00a0Aix\u00f2 s\u00ed, els nens i les nenes volem recordar la import\u00e0ncia de tenir cura dels animals.<\/p>\n<p><iframe loading=\"lazy\" src=\"\/\/www.youtube.com\/embed\/RJ_Zd_wnqJM\" width=\"560\" height=\"314\"><\/iframe><\/p>\n","protected":false},"excerpt":{"rendered":"<p>Bones! Avui a cicle mitj\u00e0 hem fet un taller de r\u00e8ptils i amfibis.<br \/>\nHa estat una experi\u00e8ncia molt interessant i emocionant. En la qual hem pogut veure i tocar una gran varietat d&#8217;animals que ens ha ensenyat en Diego.\u00a0Tamb\u00e9 hem pogut con\u00e8ixer caracter\u00edstiques pr\u00f2pies de totes&hellip;  <a href=\"https:\/\/agora.xtec.cat\/ceip-marinada-barcelona\/general\/taller-de-reptils-i-amfibis-a-tercer\/\" title=\"Read Taller de r\u00e8ptils i amfibis a cicle mitj\u00e0!\">Llegeix m\u00e9s\u00bb<\/a><\/p>\n","protected":false},"author":5,"featured_media":6204,"comment_status":"open","ping_status":"closed","sticky":false,"template":"","format":"standard","meta":{"_bbp_topic_count":0,"_bbp_reply_count":0,"_bbp_total_topic_count":0,"_bbp_total_reply_count":0,"_bbp_voice_count":0,"_bbp_anonymous_reply_count":0,"_bbp_topic_count_hidden":0,"_bbp_reply_count_hidden":0,"_bbp_forum_subforum_count":0,"footnotes":""},"categories":[89,1,4,5],"tags":[],"class_list":["post-6203","post","type-post","status-publish","format-standard","has-post-thumbnail","hentry","category-mitja","category-general","category-portada","category-primaria"],"post_mailing_queue_ids":[],"_links":{"self":[{"href":"https:\/\/agora.xtec.cat\/ceip-marinada-barcelona\/wp-json\/wp\/v2\/posts\/6203","targetHints":{"allow":["GET"]}}],"collection":[{"href":"https:\/\/agora.xtec.cat\/ceip-marinada-barcelona\/wp-json\/wp\/v2\/posts"}],"about":[{"href":"https:\/\/agora.xtec.cat\/ceip-marinada-barcelona\/wp-json\/wp\/v2\/types\/post"}],"author":[{"embeddable":true,"href":"https:\/\/agora.xtec.cat\/ceip-marinada-barcelona\/wp-json\/wp\/v2\/users\/5"}],"replies":[{"embeddable":true,"href":"https:\/\/agora.xtec.cat\/ceip-marinada-barcelona\/wp-json\/wp\/v2\/comments?post=6203"}],"version-history":[{"count":3,"href":"https:\/\/agora.xtec.cat\/ceip-marinada-barcelona\/wp-json\/wp\/v2\/posts\/6203\/revisions"}],"predecessor-version":[{"id":6208,"href":"https:\/\/agora.xtec.cat\/ceip-marinada-barcelona\/wp-json\/wp\/v2\/posts\/6203\/revisions\/6208"}],"wp:featuredmedia":[{"embeddable":true,"href":"https:\/\/agora.xtec.cat\/ceip-marinada-barcelona\/wp-json\/wp\/v2\/media\/6204"}],"wp:attachment":[{"href":"https:\/\/agora.xtec.cat\/ceip-marinada-barcelona\/wp-json\/wp\/v2\/media?parent=6203"}],"wp:term":[{"taxonomy":"category","embeddable":true,"href":"https:\/\/agora.xtec.cat\/ceip-marinada-barcelona\/wp-json\/wp\/v2\/categories?post=6203"},{"taxonomy":"post_tag","embeddable":true,"href":"https:\/\/agora.xtec.cat\/ceip-marinada-barcelona\/wp-json\/wp\/v2\/tags?post=6203"}],"curies":[{"name":"wp","href":"https:\/\/api.w.org\/{rel}","templated":true}]}}