{"id":6138,"date":"2023-01-30T20:12:29","date_gmt":"2023-01-30T19:12:29","guid":{"rendered":"https:\/\/agora.xtec.cat\/ceip-marinada-barcelona\/?p=6138"},"modified":"2023-01-30T20:13:58","modified_gmt":"2023-01-30T19:13:58","slug":"dia-del-denip-2023","status":"publish","type":"post","link":"https:\/\/agora.xtec.cat\/ceip-marinada-barcelona\/general\/dia-del-denip-2023\/","title":{"rendered":"Dia del DENIP 2023"},"content":{"rendered":"<p><a href=\"https:\/\/agora.xtec.cat\/ceip-marinada-barcelona\/wp-content\/uploads\/usu1756\/2023\/01\/dia-de-la-Pau.png\"><img loading=\"lazy\" decoding=\"async\" class=\"wp-image-6139 alignright\" src=\"https:\/\/agora.xtec.cat\/ceip-marinada-barcelona\/wp-content\/uploads\/usu1756\/2023\/01\/dia-de-la-Pau.png\" alt=\"\" width=\"518\" height=\"354\" srcset=\"https:\/\/agora.xtec.cat\/ceip-marinada-barcelona\/wp-content\/uploads\/usu1756\/2023\/01\/dia-de-la-Pau.png 967w, https:\/\/agora.xtec.cat\/ceip-marinada-barcelona\/wp-content\/uploads\/usu1756\/2023\/01\/dia-de-la-Pau-300x205.png 300w, https:\/\/agora.xtec.cat\/ceip-marinada-barcelona\/wp-content\/uploads\/usu1756\/2023\/01\/dia-de-la-Pau-768x525.png 768w\" sizes=\"auto, (max-width: 518px) 100vw, 518px\" \/><\/a>Avui a l\u2019escola\u00a0 hem celebrat el DENIP (Dia escolar de la No Viol\u00e8ncia i la Pau). Aquest any hem fet un arc de Sant Mart\u00ed i, alumnes i mestres, les hem omplert de missatges. Despr\u00e9s hem format un amb la paraula Pau al mig i hem cantat una can\u00e7\u00f3 del grup Filferro, &#8220;M\u00e9s enll\u00e0 de l&#8217;arc de Sant Mart\u00ed&#8221;(una versi\u00f3 de la can\u00e7\u00f3 &#8220;Somewhere over the Rainbow&#8221;. Les fam\u00edlies s&#8217;han unit a nosaltres per cantar i per escriure missatges de PAU.<br \/>\nGr\u00e0cies a tots i totes per compartir amb nosaltres aquest moment!<\/p>\n","protected":false},"excerpt":{"rendered":"<p><a href=\"https:\/\/agora.xtec.cat\/ceip-marinada-barcelona\/wp-content\/uploads\/usu1756\/2023\/01\/dia-de-la-Pau.png\"><\/a>Avui a l\u2019escola\u00a0 hem celebrat el DENIP (Dia escolar de la No Viol\u00e8ncia i la Pau). Aquest any hem fet un arc de Sant Mart\u00ed i, alumnes i mestres, les hem omplert de missatges. Despr\u00e9s hem format un amb la paraula Pau al mig&hellip;  <a href=\"https:\/\/agora.xtec.cat\/ceip-marinada-barcelona\/general\/dia-del-denip-2023\/\" title=\"Read Dia del DENIP 2023\">Llegeix m\u00e9s\u00bb<\/a><\/p>\n","protected":false},"author":1,"featured_media":0,"comment_status":"open","ping_status":"closed","sticky":false,"template":"","format":"standard","meta":{"_bbp_topic_count":0,"_bbp_reply_count":0,"_bbp_total_topic_count":0,"_bbp_total_reply_count":0,"_bbp_voice_count":0,"_bbp_anonymous_reply_count":0,"_bbp_topic_count_hidden":0,"_bbp_reply_count_hidden":0,"_bbp_forum_subforum_count":0,"footnotes":""},"categories":[88,89,90,115,116,2,1,3,8,9,117,4],"tags":[],"class_list":["post-6138","post","type-post","status-publish","format-standard","hentry","category-inicial","category-mitja","category-superior","category-crancs","category-dinosaures","category-infantil","category-general","category-i3","category-i4","category-i5","category-planetes-i-estrelles","category-portada"],"post_mailing_queue_ids":[],"_links":{"self":[{"href":"https:\/\/agora.xtec.cat\/ceip-marinada-barcelona\/wp-json\/wp\/v2\/posts\/6138","targetHints":{"allow":["GET"]}}],"collection":[{"href":"https:\/\/agora.xtec.cat\/ceip-marinada-barcelona\/wp-json\/wp\/v2\/posts"}],"about":[{"href":"https:\/\/agora.xtec.cat\/ceip-marinada-barcelona\/wp-json\/wp\/v2\/types\/post"}],"author":[{"embeddable":true,"href":"https:\/\/agora.xtec.cat\/ceip-marinada-barcelona\/wp-json\/wp\/v2\/users\/1"}],"replies":[{"embeddable":true,"href":"https:\/\/agora.xtec.cat\/ceip-marinada-barcelona\/wp-json\/wp\/v2\/comments?post=6138"}],"version-history":[{"count":3,"href":"https:\/\/agora.xtec.cat\/ceip-marinada-barcelona\/wp-json\/wp\/v2\/posts\/6138\/revisions"}],"predecessor-version":[{"id":6142,"href":"https:\/\/agora.xtec.cat\/ceip-marinada-barcelona\/wp-json\/wp\/v2\/posts\/6138\/revisions\/6142"}],"wp:attachment":[{"href":"https:\/\/agora.xtec.cat\/ceip-marinada-barcelona\/wp-json\/wp\/v2\/media?parent=6138"}],"wp:term":[{"taxonomy":"category","embeddable":true,"href":"https:\/\/agora.xtec.cat\/ceip-marinada-barcelona\/wp-json\/wp\/v2\/categories?post=6138"},{"taxonomy":"post_tag","embeddable":true,"href":"https:\/\/agora.xtec.cat\/ceip-marinada-barcelona\/wp-json\/wp\/v2\/tags?post=6138"}],"curies":[{"name":"wp","href":"https:\/\/api.w.org\/{rel}","templated":true}]}}