{"id":6109,"date":"2023-01-25T19:48:42","date_gmt":"2023-01-25T18:48:42","guid":{"rendered":"https:\/\/agora.xtec.cat\/ceip-marinada-barcelona\/?p=6109"},"modified":"2023-01-29T18:11:10","modified_gmt":"2023-01-29T17:11:10","slug":"els-planetes-i-les-estrelles-anem-al-cosmocaixa","status":"publish","type":"post","link":"https:\/\/agora.xtec.cat\/ceip-marinada-barcelona\/general\/els-planetes-i-les-estrelles-anem-al-cosmocaixa\/","title":{"rendered":"Els planetes i les estrelles anem al CosmoCaixa"},"content":{"rendered":"<p>Els grup d&#8217;infantil hem fet una sortida al museu de Cosmocaixa.<br \/>\nLes estrelles i els planetes d&#8217;I5 hem gaudit molt. Hem visitat el planetari bombolla, on hem vist els planetes i les estrelles que tant hem treballat a l&#8217;escola.<br \/>\nTamb\u00e9 hem vist el museu i el bosc inundat: peixos enormes i petits, serps, cocodrils, la selva amaz\u00f2nica on estava menjant el capibara.<br \/>\nEns han sobtat molt els homes primitius i tot all\u00f2 relacionat amb la ci\u00e8ncia: electricitat est\u00e0tica, bloc enorme de gel, p\u00e8ndul de Foucault, f\u00f2ssils, la Terra per dins&#8230;<br \/>\nI sobretot ens ha agradat compartir tot un dia amb els nostres companys i companyes.<br \/>\nPodr\u00edem anar un dia amb la fam\u00edlia&#8230;<br \/>\n<iframe loading=\"lazy\" title=\"YouTube video player\" src=\"https:\/\/www.youtube.com\/embed\/G8r9pLt4fW8\" width=\"560\" height=\"315\" frameborder=\"0\" allowfullscreen=\"allowfullscreen\"><\/iframe><\/p>\n","protected":false},"excerpt":{"rendered":"<p>Els grup d&#8217;infantil hem fet una sortida al museu de Cosmocaixa.<br \/>\nLes estrelles i els planetes d&#8217;I5 hem gaudit molt. Hem visitat el planetari bombolla, on hem vist els planetes i les estrelles que tant hem treballat a l&#8217;escola.<br \/>\nTamb\u00e9 hem vist el museu i el bosc&hellip;  <a href=\"https:\/\/agora.xtec.cat\/ceip-marinada-barcelona\/general\/els-planetes-i-les-estrelles-anem-al-cosmocaixa\/\" title=\"Read Els planetes i les estrelles anem al CosmoCaixa\">Llegeix m\u00e9s\u00bb<\/a><\/p>\n","protected":false},"author":1,"featured_media":6110,"comment_status":"open","ping_status":"closed","sticky":false,"template":"","format":"standard","meta":{"_bbp_topic_count":0,"_bbp_reply_count":0,"_bbp_total_topic_count":0,"_bbp_total_reply_count":0,"_bbp_voice_count":0,"_bbp_anonymous_reply_count":0,"_bbp_topic_count_hidden":0,"_bbp_reply_count_hidden":0,"_bbp_forum_subforum_count":0,"footnotes":""},"categories":[2,1,9,117,4],"tags":[],"class_list":["post-6109","post","type-post","status-publish","format-standard","has-post-thumbnail","hentry","category-infantil","category-general","category-i5","category-planetes-i-estrelles","category-portada"],"post_mailing_queue_ids":[],"_links":{"self":[{"href":"https:\/\/agora.xtec.cat\/ceip-marinada-barcelona\/wp-json\/wp\/v2\/posts\/6109","targetHints":{"allow":["GET"]}}],"collection":[{"href":"https:\/\/agora.xtec.cat\/ceip-marinada-barcelona\/wp-json\/wp\/v2\/posts"}],"about":[{"href":"https:\/\/agora.xtec.cat\/ceip-marinada-barcelona\/wp-json\/wp\/v2\/types\/post"}],"author":[{"embeddable":true,"href":"https:\/\/agora.xtec.cat\/ceip-marinada-barcelona\/wp-json\/wp\/v2\/users\/1"}],"replies":[{"embeddable":true,"href":"https:\/\/agora.xtec.cat\/ceip-marinada-barcelona\/wp-json\/wp\/v2\/comments?post=6109"}],"version-history":[{"count":1,"href":"https:\/\/agora.xtec.cat\/ceip-marinada-barcelona\/wp-json\/wp\/v2\/posts\/6109\/revisions"}],"predecessor-version":[{"id":6111,"href":"https:\/\/agora.xtec.cat\/ceip-marinada-barcelona\/wp-json\/wp\/v2\/posts\/6109\/revisions\/6111"}],"wp:featuredmedia":[{"embeddable":true,"href":"https:\/\/agora.xtec.cat\/ceip-marinada-barcelona\/wp-json\/wp\/v2\/media\/6110"}],"wp:attachment":[{"href":"https:\/\/agora.xtec.cat\/ceip-marinada-barcelona\/wp-json\/wp\/v2\/media?parent=6109"}],"wp:term":[{"taxonomy":"category","embeddable":true,"href":"https:\/\/agora.xtec.cat\/ceip-marinada-barcelona\/wp-json\/wp\/v2\/categories?post=6109"},{"taxonomy":"post_tag","embeddable":true,"href":"https:\/\/agora.xtec.cat\/ceip-marinada-barcelona\/wp-json\/wp\/v2\/tags?post=6109"}],"curies":[{"name":"wp","href":"https:\/\/api.w.org\/{rel}","templated":true}]}}