{"id":6074,"date":"2023-01-20T21:31:57","date_gmt":"2023-01-20T20:31:57","guid":{"rendered":"https:\/\/agora.xtec.cat\/ceip-marinada-barcelona\/?p=6074"},"modified":"2023-01-20T21:31:57","modified_gmt":"2023-01-20T20:31:57","slug":"cicle-mitja-va-al-palau-de-la-musica","status":"publish","type":"post","link":"https:\/\/agora.xtec.cat\/ceip-marinada-barcelona\/general\/cicle-mitja-va-al-palau-de-la-musica\/","title":{"rendered":"Cicle Mitj\u00e0 va al Palau de la M\u00fasica"},"content":{"rendered":"<p>El passat 18 de gener els nens i nenes de Cicle Mitj\u00e0 vam anar a veure l&#8217;espectacle &#8220;Flamenkat&#8221; al Palau de la M\u00fasica de Barcelona. Vam gaudir d\u2019un espectacle del flamenc m\u00e9s tradicional i peces cl\u00e0ssiques del repertori literari i musical catal\u00e0. Amb compositors com Manuel de Falla, Mateo Alb\u00e9niz i Francesc T\u00e0rrega, i peces tan conegudes com La leyenda del tiempo o Entre dos aguas. Tot en una fusi\u00f3 m\u00e0gica i amb un acompanyament visual \u00fanic. A m\u00e9s cal tenir en compte que el Palau de la M\u00fasica \u00e9s per si sol, tot un espectacle del modernisme de visita obligada.<\/p>\n<p>Va ser un dia fant\u00e0stic!<\/p>\n<p><iframe loading=\"lazy\" src=\"\/\/www.youtube.com\/embed\/uXReS49wLe8\" width=\"560\" height=\"314\"><\/iframe><\/p>\n","protected":false},"excerpt":{"rendered":"<p>El passat 18 de gener els nens i nenes de Cicle Mitj\u00e0 vam anar a veure l&#8217;espectacle &#8220;Flamenkat&#8221; al Palau de la M\u00fasica de Barcelona. Vam gaudir d\u2019un espectacle del flamenc m\u00e9s tradicional i peces cl\u00e0ssiques del repertori literari i musical catal\u00e0. Amb compositors com&hellip;  <a href=\"https:\/\/agora.xtec.cat\/ceip-marinada-barcelona\/general\/cicle-mitja-va-al-palau-de-la-musica\/\" title=\"Read Cicle Mitj\u00e0 va al Palau de la M\u00fasica\">Llegeix m\u00e9s\u00bb<\/a><\/p>\n","protected":false},"author":5,"featured_media":6075,"comment_status":"open","ping_status":"closed","sticky":false,"template":"","format":"standard","meta":{"_bbp_topic_count":0,"_bbp_reply_count":0,"_bbp_total_topic_count":0,"_bbp_total_reply_count":0,"_bbp_voice_count":0,"_bbp_anonymous_reply_count":0,"_bbp_topic_count_hidden":0,"_bbp_reply_count_hidden":0,"_bbp_forum_subforum_count":0,"footnotes":""},"categories":[12,13,89,1,4,5,110],"tags":[],"class_list":["post-6074","post","type-post","status-publish","format-standard","has-post-thumbnail","hentry","category-3r","category-4t","category-mitja","category-general","category-portada","category-primaria","category-sortides"],"post_mailing_queue_ids":[],"_links":{"self":[{"href":"https:\/\/agora.xtec.cat\/ceip-marinada-barcelona\/wp-json\/wp\/v2\/posts\/6074","targetHints":{"allow":["GET"]}}],"collection":[{"href":"https:\/\/agora.xtec.cat\/ceip-marinada-barcelona\/wp-json\/wp\/v2\/posts"}],"about":[{"href":"https:\/\/agora.xtec.cat\/ceip-marinada-barcelona\/wp-json\/wp\/v2\/types\/post"}],"author":[{"embeddable":true,"href":"https:\/\/agora.xtec.cat\/ceip-marinada-barcelona\/wp-json\/wp\/v2\/users\/5"}],"replies":[{"embeddable":true,"href":"https:\/\/agora.xtec.cat\/ceip-marinada-barcelona\/wp-json\/wp\/v2\/comments?post=6074"}],"version-history":[{"count":1,"href":"https:\/\/agora.xtec.cat\/ceip-marinada-barcelona\/wp-json\/wp\/v2\/posts\/6074\/revisions"}],"predecessor-version":[{"id":6076,"href":"https:\/\/agora.xtec.cat\/ceip-marinada-barcelona\/wp-json\/wp\/v2\/posts\/6074\/revisions\/6076"}],"wp:featuredmedia":[{"embeddable":true,"href":"https:\/\/agora.xtec.cat\/ceip-marinada-barcelona\/wp-json\/wp\/v2\/media\/6075"}],"wp:attachment":[{"href":"https:\/\/agora.xtec.cat\/ceip-marinada-barcelona\/wp-json\/wp\/v2\/media?parent=6074"}],"wp:term":[{"taxonomy":"category","embeddable":true,"href":"https:\/\/agora.xtec.cat\/ceip-marinada-barcelona\/wp-json\/wp\/v2\/categories?post=6074"},{"taxonomy":"post_tag","embeddable":true,"href":"https:\/\/agora.xtec.cat\/ceip-marinada-barcelona\/wp-json\/wp\/v2\/tags?post=6074"}],"curies":[{"name":"wp","href":"https:\/\/api.w.org\/{rel}","templated":true}]}}