{"id":5972,"date":"2022-12-13T12:53:35","date_gmt":"2022-12-13T11:53:35","guid":{"rendered":"https:\/\/agora.xtec.cat\/ceip-marinada-barcelona\/?p=5972"},"modified":"2022-12-13T12:53:35","modified_gmt":"2022-12-13T11:53:35","slug":"i3-ens-posem-la-jaqueta","status":"publish","type":"post","link":"https:\/\/agora.xtec.cat\/ceip-marinada-barcelona\/general\/i3-ens-posem-la-jaqueta\/","title":{"rendered":"i3 ens posem la jaqueta!"},"content":{"rendered":"<p>Hola fam\u00edlies!!<\/p>\n<p>Des de fa unes setmanes els crancs ens posem la jaqueta tot sols! Mireu qu\u00e8 divertit \u00e9s fer una tombarella amb l&#8217;abric! Continuarem practicant a l&#8217;escola i a casa per anar fent cada vegada m\u00e9s coses de manera aut\u00f2noma, ens estem fent molt grans!<\/p>\n<p><iframe loading=\"lazy\" title=\"i3 ens posem la jaqueta\" width=\"500\" height=\"281\" src=\"https:\/\/www.youtube.com\/embed\/M-cOI5-_Jhs?feature=oembed\" frameborder=\"0\" allow=\"accelerometer; autoplay; clipboard-write; encrypted-media; gyroscope; picture-in-picture; web-share\" referrerpolicy=\"strict-origin-when-cross-origin\" allowfullscreen><\/iframe><\/p>\n<p>&nbsp;<\/p>\n","protected":false},"excerpt":{"rendered":"<p>Hola fam\u00edlies!!<br \/>\nDes de fa unes setmanes els crancs ens posem la jaqueta tot sols! Mireu qu\u00e8 divertit \u00e9s fer una tombarella amb l&#8217;abric! Continuarem practicant a l&#8217;escola i a casa per anar fent cada vegada m\u00e9s coses de manera aut\u00f2noma, ens estem fent molt grans!<\/p>\n<p>&nbsp;<\/p>\n","protected":false},"author":3,"featured_media":5977,"comment_status":"open","ping_status":"closed","sticky":false,"template":"","format":"standard","meta":{"_bbp_topic_count":0,"_bbp_reply_count":0,"_bbp_total_topic_count":0,"_bbp_total_reply_count":0,"_bbp_voice_count":0,"_bbp_anonymous_reply_count":0,"_bbp_topic_count_hidden":0,"_bbp_reply_count_hidden":0,"_bbp_forum_subforum_count":0,"footnotes":""},"categories":[115,2,1,3,4],"tags":[],"class_list":["post-5972","post","type-post","status-publish","format-standard","has-post-thumbnail","hentry","category-crancs","category-infantil","category-general","category-i3","category-portada"],"post_mailing_queue_ids":[],"_links":{"self":[{"href":"https:\/\/agora.xtec.cat\/ceip-marinada-barcelona\/wp-json\/wp\/v2\/posts\/5972","targetHints":{"allow":["GET"]}}],"collection":[{"href":"https:\/\/agora.xtec.cat\/ceip-marinada-barcelona\/wp-json\/wp\/v2\/posts"}],"about":[{"href":"https:\/\/agora.xtec.cat\/ceip-marinada-barcelona\/wp-json\/wp\/v2\/types\/post"}],"author":[{"embeddable":true,"href":"https:\/\/agora.xtec.cat\/ceip-marinada-barcelona\/wp-json\/wp\/v2\/users\/3"}],"replies":[{"embeddable":true,"href":"https:\/\/agora.xtec.cat\/ceip-marinada-barcelona\/wp-json\/wp\/v2\/comments?post=5972"}],"version-history":[{"count":3,"href":"https:\/\/agora.xtec.cat\/ceip-marinada-barcelona\/wp-json\/wp\/v2\/posts\/5972\/revisions"}],"predecessor-version":[{"id":5978,"href":"https:\/\/agora.xtec.cat\/ceip-marinada-barcelona\/wp-json\/wp\/v2\/posts\/5972\/revisions\/5978"}],"wp:featuredmedia":[{"embeddable":true,"href":"https:\/\/agora.xtec.cat\/ceip-marinada-barcelona\/wp-json\/wp\/v2\/media\/5977"}],"wp:attachment":[{"href":"https:\/\/agora.xtec.cat\/ceip-marinada-barcelona\/wp-json\/wp\/v2\/media?parent=5972"}],"wp:term":[{"taxonomy":"category","embeddable":true,"href":"https:\/\/agora.xtec.cat\/ceip-marinada-barcelona\/wp-json\/wp\/v2\/categories?post=5972"},{"taxonomy":"post_tag","embeddable":true,"href":"https:\/\/agora.xtec.cat\/ceip-marinada-barcelona\/wp-json\/wp\/v2\/tags?post=5972"}],"curies":[{"name":"wp","href":"https:\/\/api.w.org\/{rel}","templated":true}]}}