{"id":5968,"date":"2022-12-12T22:17:01","date_gmt":"2022-12-12T21:17:01","guid":{"rendered":"https:\/\/agora.xtec.cat\/ceip-marinada-barcelona\/?p=5968"},"modified":"2022-12-12T22:23:29","modified_gmt":"2022-12-12T21:23:29","slug":"4t-projecte-el-nom-de-la-nostra-classe","status":"publish","type":"post","link":"https:\/\/agora.xtec.cat\/ceip-marinada-barcelona\/general\/4t-projecte-el-nom-de-la-nostra-classe\/","title":{"rendered":"4T Projecte el nom de la nostra classe"},"content":{"rendered":"<p>Ja hem acabat el projecte del nom de la nostra classe. Som la classe de l&#8217;Arc de Sant Mart\u00ed. Cada grup ha buscat informaci\u00f3 de coses que vol\u00edem saber, i ha elaborat un mural per despr\u00e9s explicar all\u00f2 que ha descobert.<\/p>\n<p>Sabeu perqu\u00e8 es diu Arc de Sant Mart\u00ed?<\/p>\n<p><iframe loading=\"lazy\" src=\"\/\/www.youtube.com\/embed\/iT2riOFKzEo\" width=\"560\" height=\"314\"><\/iframe><\/p>\n","protected":false},"excerpt":{"rendered":"<p>Ja hem acabat el projecte del nom de la nostra classe. Som la classe de l&#8217;Arc de Sant Mart\u00ed. Cada grup ha buscat informaci\u00f3 de coses que vol\u00edem saber, i ha elaborat un mural per despr\u00e9s explicar all\u00f2 que ha descobert.<br \/>\nSabeu perqu\u00e8 es diu Arc&hellip;  <a href=\"https:\/\/agora.xtec.cat\/ceip-marinada-barcelona\/general\/4t-projecte-el-nom-de-la-nostra-classe\/\" title=\"Read 4T Projecte el nom de la nostra classe\">Llegeix m\u00e9s\u00bb<\/a><\/p>\n","protected":false},"author":5,"featured_media":5969,"comment_status":"open","ping_status":"closed","sticky":false,"template":"","format":"standard","meta":{"_bbp_topic_count":0,"_bbp_reply_count":0,"_bbp_total_topic_count":0,"_bbp_total_reply_count":0,"_bbp_voice_count":0,"_bbp_anonymous_reply_count":0,"_bbp_topic_count_hidden":0,"_bbp_reply_count_hidden":0,"_bbp_forum_subforum_count":0,"footnotes":""},"categories":[13,89,1,4,5,118],"tags":[],"class_list":["post-5968","post","type-post","status-publish","format-standard","has-post-thumbnail","hentry","category-4t","category-mitja","category-general","category-portada","category-primaria","category-projecte"],"post_mailing_queue_ids":[],"_links":{"self":[{"href":"https:\/\/agora.xtec.cat\/ceip-marinada-barcelona\/wp-json\/wp\/v2\/posts\/5968","targetHints":{"allow":["GET"]}}],"collection":[{"href":"https:\/\/agora.xtec.cat\/ceip-marinada-barcelona\/wp-json\/wp\/v2\/posts"}],"about":[{"href":"https:\/\/agora.xtec.cat\/ceip-marinada-barcelona\/wp-json\/wp\/v2\/types\/post"}],"author":[{"embeddable":true,"href":"https:\/\/agora.xtec.cat\/ceip-marinada-barcelona\/wp-json\/wp\/v2\/users\/5"}],"replies":[{"embeddable":true,"href":"https:\/\/agora.xtec.cat\/ceip-marinada-barcelona\/wp-json\/wp\/v2\/comments?post=5968"}],"version-history":[{"count":2,"href":"https:\/\/agora.xtec.cat\/ceip-marinada-barcelona\/wp-json\/wp\/v2\/posts\/5968\/revisions"}],"predecessor-version":[{"id":5971,"href":"https:\/\/agora.xtec.cat\/ceip-marinada-barcelona\/wp-json\/wp\/v2\/posts\/5968\/revisions\/5971"}],"wp:featuredmedia":[{"embeddable":true,"href":"https:\/\/agora.xtec.cat\/ceip-marinada-barcelona\/wp-json\/wp\/v2\/media\/5969"}],"wp:attachment":[{"href":"https:\/\/agora.xtec.cat\/ceip-marinada-barcelona\/wp-json\/wp\/v2\/media?parent=5968"}],"wp:term":[{"taxonomy":"category","embeddable":true,"href":"https:\/\/agora.xtec.cat\/ceip-marinada-barcelona\/wp-json\/wp\/v2\/categories?post=5968"},{"taxonomy":"post_tag","embeddable":true,"href":"https:\/\/agora.xtec.cat\/ceip-marinada-barcelona\/wp-json\/wp\/v2\/tags?post=5968"}],"curies":[{"name":"wp","href":"https:\/\/api.w.org\/{rel}","templated":true}]}}