{"id":5945,"date":"2022-11-14T13:23:13","date_gmt":"2022-11-14T12:23:13","guid":{"rendered":"https:\/\/agora.xtec.cat\/ceip-marinada-barcelona\/?p=5945"},"modified":"2022-12-17T16:45:57","modified_gmt":"2022-12-17T15:45:57","slug":"sortida-cinema-girona-cicle-mitja","status":"publish","type":"post","link":"https:\/\/agora.xtec.cat\/ceip-marinada-barcelona\/general\/sortida-cinema-girona-cicle-mitja\/","title":{"rendered":"Sortida Cinema Girona Cicle Mitj\u00e0"},"content":{"rendered":"<p>El passat dia 11 de novembre els nens i nenes de cicle mitj\u00e0 vam anar al cinema Girona a veure la\u00a0pel\u00b7l\u00edcula Pinotxo 3000.\u00a0Pr\u00e9viament hav\u00edem treballat a l\u2019aula quines coses ens agradaven de viure a Barcelona i quines no ens agradaven i qu\u00e8 creiem que necessitava la ciutat pels infants de la nostra edat.<\/p>\n<p>La pel\u00b7l\u00edcula ens va fer reflexionar sobre la import\u00e0ncia de cuidar la natura i donar m\u00e9s lloc als espais naturals en lloc de tenir tants edificis i ciment a les ciutats.<\/p>\n<p>Va ser una sortida molt interessant que va fer que els alumnes de cicle mitj\u00e0 es plantegessin moltes coses rellevants sobre el m\u00f3n que els envolta.<\/p>\n<p><a href=\"https:\/\/agora.xtec.cat\/ceip-marinada-barcelona\/wp-content\/uploads\/usu1756\/2022\/11\/IMG_9736.jpg\"><img loading=\"lazy\" decoding=\"async\" class=\"alignnone size-large wp-image-5946\" src=\"https:\/\/agora.xtec.cat\/ceip-marinada-barcelona\/wp-content\/uploads\/usu1756\/2022\/11\/IMG_9736-1024x889.jpg\" alt=\"\" width=\"1024\" height=\"889\" srcset=\"https:\/\/agora.xtec.cat\/ceip-marinada-barcelona\/wp-content\/uploads\/usu1756\/2022\/11\/IMG_9736-1024x889.jpg 1024w, https:\/\/agora.xtec.cat\/ceip-marinada-barcelona\/wp-content\/uploads\/usu1756\/2022\/11\/IMG_9736-300x261.jpg 300w, https:\/\/agora.xtec.cat\/ceip-marinada-barcelona\/wp-content\/uploads\/usu1756\/2022\/11\/IMG_9736-768x667.jpg 768w, https:\/\/agora.xtec.cat\/ceip-marinada-barcelona\/wp-content\/uploads\/usu1756\/2022\/11\/IMG_9736-1536x1334.jpg 1536w, https:\/\/agora.xtec.cat\/ceip-marinada-barcelona\/wp-content\/uploads\/usu1756\/2022\/11\/IMG_9736.jpg 1666w\" sizes=\"auto, (max-width: 1024px) 100vw, 1024px\" \/><\/a> <a href=\"https:\/\/agora.xtec.cat\/ceip-marinada-barcelona\/wp-content\/uploads\/usu1756\/2022\/11\/IMG_9739.jpg\"><img loading=\"lazy\" decoding=\"async\" class=\"alignnone size-large wp-image-5947\" src=\"https:\/\/agora.xtec.cat\/ceip-marinada-barcelona\/wp-content\/uploads\/usu1756\/2022\/11\/IMG_9739-1024x768.jpg\" alt=\"\" width=\"1024\" height=\"768\" srcset=\"https:\/\/agora.xtec.cat\/ceip-marinada-barcelona\/wp-content\/uploads\/usu1756\/2022\/11\/IMG_9739-1024x768.jpg 1024w, https:\/\/agora.xtec.cat\/ceip-marinada-barcelona\/wp-content\/uploads\/usu1756\/2022\/11\/IMG_9739-300x225.jpg 300w, https:\/\/agora.xtec.cat\/ceip-marinada-barcelona\/wp-content\/uploads\/usu1756\/2022\/11\/IMG_9739-768x576.jpg 768w, https:\/\/agora.xtec.cat\/ceip-marinada-barcelona\/wp-content\/uploads\/usu1756\/2022\/11\/IMG_9739-1536x1152.jpg 1536w, https:\/\/agora.xtec.cat\/ceip-marinada-barcelona\/wp-content\/uploads\/usu1756\/2022\/11\/IMG_9739-200x150.jpg 200w, https:\/\/agora.xtec.cat\/ceip-marinada-barcelona\/wp-content\/uploads\/usu1756\/2022\/11\/IMG_9739.jpg 2016w\" sizes=\"auto, (max-width: 1024px) 100vw, 1024px\" \/><\/a> <a href=\"https:\/\/agora.xtec.cat\/ceip-marinada-barcelona\/wp-content\/uploads\/usu1756\/2022\/11\/794ea89d-bf1d-47de-bc27-c879a2cd6e71.jpg\"><img loading=\"lazy\" decoding=\"async\" class=\"alignnone size-large wp-image-5948\" src=\"https:\/\/agora.xtec.cat\/ceip-marinada-barcelona\/wp-content\/uploads\/usu1756\/2022\/11\/794ea89d-bf1d-47de-bc27-c879a2cd6e71-1024x766.jpg\" alt=\"\" width=\"1024\" height=\"766\" srcset=\"https:\/\/agora.xtec.cat\/ceip-marinada-barcelona\/wp-content\/uploads\/usu1756\/2022\/11\/794ea89d-bf1d-47de-bc27-c879a2cd6e71-1024x766.jpg 1024w, https:\/\/agora.xtec.cat\/ceip-marinada-barcelona\/wp-content\/uploads\/usu1756\/2022\/11\/794ea89d-bf1d-47de-bc27-c879a2cd6e71-300x224.jpg 300w, https:\/\/agora.xtec.cat\/ceip-marinada-barcelona\/wp-content\/uploads\/usu1756\/2022\/11\/794ea89d-bf1d-47de-bc27-c879a2cd6e71-768x575.jpg 768w, https:\/\/agora.xtec.cat\/ceip-marinada-barcelona\/wp-content\/uploads\/usu1756\/2022\/11\/794ea89d-bf1d-47de-bc27-c879a2cd6e71-1536x1149.jpg 1536w, https:\/\/agora.xtec.cat\/ceip-marinada-barcelona\/wp-content\/uploads\/usu1756\/2022\/11\/794ea89d-bf1d-47de-bc27-c879a2cd6e71-200x150.jpg 200w, https:\/\/agora.xtec.cat\/ceip-marinada-barcelona\/wp-content\/uploads\/usu1756\/2022\/11\/794ea89d-bf1d-47de-bc27-c879a2cd6e71.jpg 1600w\" sizes=\"auto, (max-width: 1024px) 100vw, 1024px\" \/><\/a><\/p>\n<p>&nbsp;<\/p>\n","protected":false},"excerpt":{"rendered":"<p>El passat dia 11 de novembre els nens i nenes de cicle mitj\u00e0 vam anar al cinema Girona a veure la\u00a0pel\u00b7l\u00edcula Pinotxo 3000.\u00a0Pr\u00e9viament hav\u00edem treballat a l\u2019aula quines coses ens agradaven de viure a Barcelona i quines no ens agradaven i qu\u00e8 creiem que necessitava&hellip;  <a href=\"https:\/\/agora.xtec.cat\/ceip-marinada-barcelona\/general\/sortida-cinema-girona-cicle-mitja\/\" title=\"Read Sortida Cinema Girona Cicle Mitj\u00e0\">Llegeix m\u00e9s\u00bb<\/a><\/p>\n","protected":false},"author":5,"featured_media":0,"comment_status":"open","ping_status":"closed","sticky":false,"template":"","format":"standard","meta":{"_bbp_topic_count":0,"_bbp_reply_count":0,"_bbp_total_topic_count":0,"_bbp_total_reply_count":0,"_bbp_voice_count":0,"_bbp_anonymous_reply_count":0,"_bbp_topic_count_hidden":0,"_bbp_reply_count_hidden":0,"_bbp_forum_subforum_count":0,"footnotes":""},"categories":[12,13,89,1,4,5,110],"tags":[],"class_list":["post-5945","post","type-post","status-publish","format-standard","hentry","category-3r","category-4t","category-mitja","category-general","category-portada","category-primaria","category-sortides"],"post_mailing_queue_ids":[],"_links":{"self":[{"href":"https:\/\/agora.xtec.cat\/ceip-marinada-barcelona\/wp-json\/wp\/v2\/posts\/5945","targetHints":{"allow":["GET"]}}],"collection":[{"href":"https:\/\/agora.xtec.cat\/ceip-marinada-barcelona\/wp-json\/wp\/v2\/posts"}],"about":[{"href":"https:\/\/agora.xtec.cat\/ceip-marinada-barcelona\/wp-json\/wp\/v2\/types\/post"}],"author":[{"embeddable":true,"href":"https:\/\/agora.xtec.cat\/ceip-marinada-barcelona\/wp-json\/wp\/v2\/users\/5"}],"replies":[{"embeddable":true,"href":"https:\/\/agora.xtec.cat\/ceip-marinada-barcelona\/wp-json\/wp\/v2\/comments?post=5945"}],"version-history":[{"count":1,"href":"https:\/\/agora.xtec.cat\/ceip-marinada-barcelona\/wp-json\/wp\/v2\/posts\/5945\/revisions"}],"predecessor-version":[{"id":5949,"href":"https:\/\/agora.xtec.cat\/ceip-marinada-barcelona\/wp-json\/wp\/v2\/posts\/5945\/revisions\/5949"}],"wp:attachment":[{"href":"https:\/\/agora.xtec.cat\/ceip-marinada-barcelona\/wp-json\/wp\/v2\/media?parent=5945"}],"wp:term":[{"taxonomy":"category","embeddable":true,"href":"https:\/\/agora.xtec.cat\/ceip-marinada-barcelona\/wp-json\/wp\/v2\/categories?post=5945"},{"taxonomy":"post_tag","embeddable":true,"href":"https:\/\/agora.xtec.cat\/ceip-marinada-barcelona\/wp-json\/wp\/v2\/tags?post=5945"}],"curies":[{"name":"wp","href":"https:\/\/api.w.org\/{rel}","templated":true}]}}