{"id":5773,"date":"2022-06-17T20:12:59","date_gmt":"2022-06-17T18:12:59","guid":{"rendered":"https:\/\/agora.xtec.cat\/ceip-marinada-barcelona\/?p=5773"},"modified":"2022-07-11T18:46:35","modified_gmt":"2022-07-11T16:46:35","slug":"colonies-el-collell-cm-i-cs","status":"publish","type":"post","link":"https:\/\/agora.xtec.cat\/ceip-marinada-barcelona\/general\/colonies-el-collell-cm-i-cs\/","title":{"rendered":"Col\u00f2nies El Collell CM i CS"},"content":{"rendered":"<p>Per fi van arribar les esperades col\u00f2nies i ens ho vam passar d\u2019all\u00f2 m\u00e9s b\u00e9 a la casa del Collell. Vam fer moltes activitats, vam estar en contacte amb la natura i el m\u00e9s important \u00e9s que vam gaudir de tots i totes nosaltres en un entorn diferent al de l\u2019escola.<\/p>\n<p>Us deixem aquest v\u00eddeo perqu\u00e8 vegeu una mostra de tot el que vam fer!<\/p>\n<p><iframe loading=\"lazy\" src=\"\/\/www.youtube.com\/embed\/9Xp81LIc3ac\" width=\"560\" height=\"314\"><\/iframe><\/p>\n","protected":false},"excerpt":{"rendered":"<p>Per fi van arribar les esperades col\u00f2nies i ens ho vam passar d\u2019all\u00f2 m\u00e9s b\u00e9 a la casa del Collell. Vam fer moltes activitats, vam estar en contacte amb la natura i el m\u00e9s important \u00e9s que vam gaudir de tots i totes nosaltres en&hellip;  <a href=\"https:\/\/agora.xtec.cat\/ceip-marinada-barcelona\/general\/colonies-el-collell-cm-i-cs\/\" title=\"Read Col\u00f2nies El Collell CM i CS\">Llegeix m\u00e9s\u00bb<\/a><\/p>\n","protected":false},"author":6,"featured_media":5774,"comment_status":"open","ping_status":"closed","sticky":false,"template":"","format":"standard","meta":{"_bbp_topic_count":0,"_bbp_reply_count":0,"_bbp_total_topic_count":0,"_bbp_total_reply_count":0,"_bbp_voice_count":0,"_bbp_anonymous_reply_count":0,"_bbp_topic_count_hidden":0,"_bbp_reply_count_hidden":0,"_bbp_forum_subforum_count":0,"footnotes":""},"categories":[12,13,14,15,89,90,1,4,5,110],"tags":[],"class_list":["post-5773","post","type-post","status-publish","format-standard","has-post-thumbnail","hentry","category-3r","category-4t","category-5e","category-6e","category-mitja","category-superior","category-general","category-portada","category-primaria","category-sortides"],"post_mailing_queue_ids":[],"_links":{"self":[{"href":"https:\/\/agora.xtec.cat\/ceip-marinada-barcelona\/wp-json\/wp\/v2\/posts\/5773","targetHints":{"allow":["GET"]}}],"collection":[{"href":"https:\/\/agora.xtec.cat\/ceip-marinada-barcelona\/wp-json\/wp\/v2\/posts"}],"about":[{"href":"https:\/\/agora.xtec.cat\/ceip-marinada-barcelona\/wp-json\/wp\/v2\/types\/post"}],"author":[{"embeddable":true,"href":"https:\/\/agora.xtec.cat\/ceip-marinada-barcelona\/wp-json\/wp\/v2\/users\/6"}],"replies":[{"embeddable":true,"href":"https:\/\/agora.xtec.cat\/ceip-marinada-barcelona\/wp-json\/wp\/v2\/comments?post=5773"}],"version-history":[{"count":1,"href":"https:\/\/agora.xtec.cat\/ceip-marinada-barcelona\/wp-json\/wp\/v2\/posts\/5773\/revisions"}],"predecessor-version":[{"id":5775,"href":"https:\/\/agora.xtec.cat\/ceip-marinada-barcelona\/wp-json\/wp\/v2\/posts\/5773\/revisions\/5775"}],"wp:featuredmedia":[{"embeddable":true,"href":"https:\/\/agora.xtec.cat\/ceip-marinada-barcelona\/wp-json\/wp\/v2\/media\/5774"}],"wp:attachment":[{"href":"https:\/\/agora.xtec.cat\/ceip-marinada-barcelona\/wp-json\/wp\/v2\/media?parent=5773"}],"wp:term":[{"taxonomy":"category","embeddable":true,"href":"https:\/\/agora.xtec.cat\/ceip-marinada-barcelona\/wp-json\/wp\/v2\/categories?post=5773"},{"taxonomy":"post_tag","embeddable":true,"href":"https:\/\/agora.xtec.cat\/ceip-marinada-barcelona\/wp-json\/wp\/v2\/tags?post=5773"}],"curies":[{"name":"wp","href":"https:\/\/api.w.org\/{rel}","templated":true}]}}