{"id":5707,"date":"2022-06-07T22:28:03","date_gmt":"2022-06-07T20:28:03","guid":{"rendered":"https:\/\/agora.xtec.cat\/ceip-marinada-barcelona\/?p=5707"},"modified":"2022-06-14T09:36:09","modified_gmt":"2022-06-14T07:36:09","slug":"els-pops-visitem-can-coll","status":"publish","type":"post","link":"https:\/\/agora.xtec.cat\/ceip-marinada-barcelona\/general\/els-pops-visitem-can-coll\/","title":{"rendered":"Els pops visitem Can Coll"},"content":{"rendered":"<p>Els pops avui hem fet de grangers.<br \/>\nEls grangers tenen cura dels animals de la granja, i tenen molta feina. Cal preparar els aliments:<br \/>\nHem desgranat blat de moro i hem fet farinetes amb el blat, l&#8217;ordi i el blat de moro i l&#8217;ajuda del mol\u00ed, que fa molt de soroll! Tamb\u00e9 hem anat a l&#8217;hort a collir fulles de col.<br \/>\nDespr\u00e9s la Marina, la nostra monitora, ens ha ensenyat la incubadora de les aus. Aquest ous no s\u00f3n per menjar! Dins hi ha pollets. Hem pogut tocar els ous i comprovar que estan calentons, que \u00e9s el que necessiten per cr\u00e9ixer.<br \/>\nTamb\u00e9 hem vist pollets de gallina i d&#8217;\u00e0nec.<br \/>\nI ja hem comen\u00e7at el recorregut per les diferents estances de la granja. Hem anat a les conilleres i hem pogut acariciar un conill petit molt bonic. No parava de moure el nas amunt i avall! Les potes del darrere les tenia molt peludes. Ens ha agradat taaant!<br \/>\nHem vist la bassa dels \u00e0necs, tamb\u00e9. Aquest s\u00f3n muts, no fan cuacuac!<br \/>\nI cap a la porquera! Hi havia 2 porcs molt grossos que ens han vingut a saludar de seguida. Volien fulles de col! La marina ens ha dit que s\u00f3n femelles i que a les femelles dels porcs n&#8217;hi diem <strong>truges.<br \/>\n<\/strong>L&#8217;ase tamb\u00e9 ens ha vingut a saludar. Tamb\u00e9 \u00e9s una femella, una <strong>somera. <\/strong>Tenia molta gana i li hem donat les farinetes amb la m\u00e0. Primer ens feia por perqu\u00e8 li veiem les dents molt grosses per\u00f2 posant la m\u00e0 plana es menja la farina i ens fa pessigolles.<br \/>\nHora d&#8217;anar a veure la vaca. Est\u00e0 bevent aigua perqu\u00e8 fa molta calor. \u00c9s molt graaan, diuen els pops. Li veiem les banyes i la cua que no para de moure per espantar les mosques. La vaca es diu Lluna.<br \/>\nI cap al galliner! Hi ha un gall i moltes gallines. Quan hem entrat dins han vingut totes cap a nosaltres perqu\u00e8 saben que portem menjar i a alguns ens ha agafat por i hem hagut de sortir fora. Per\u00f2 hi ha pops valents que s\u00ed que s&#8217;han quedat a donar de menjar a les gallines!<br \/>\nQuina feinada fer de grangers! Tenim molta calor, set i gana.<br \/>\nUn gran dia a la granja!<br \/>\n<iframe loading=\"lazy\" title=\"YouTube video player\" src=\"https:\/\/www.youtube.com\/embed\/u316Ii92moI\" width=\"560\" height=\"315\" frameborder=\"0\" allowfullscreen=\"allowfullscreen\"><\/iframe><\/p>\n<p>&nbsp;<\/p>\n<p>&nbsp;<\/p>\n","protected":false},"excerpt":{"rendered":"<p>Els pops avui hem fet de grangers.<br \/>\nEls grangers tenen cura dels animals de la granja, i tenen molta feina. Cal preparar els aliments:<br \/>\nHem desgranat blat de moro i hem fet farinetes amb el blat, l&#8217;ordi i el blat de moro i l&#8217;ajuda del mol\u00ed, que&hellip;  <a href=\"https:\/\/agora.xtec.cat\/ceip-marinada-barcelona\/general\/els-pops-visitem-can-coll\/\" title=\"Read Els pops visitem Can Coll\">Llegeix m\u00e9s\u00bb<\/a><\/p>\n","protected":false},"author":1,"featured_media":0,"comment_status":"open","ping_status":"closed","sticky":false,"template":"","format":"standard","meta":{"_bbp_topic_count":0,"_bbp_reply_count":0,"_bbp_total_topic_count":0,"_bbp_total_reply_count":0,"_bbp_voice_count":0,"_bbp_anonymous_reply_count":0,"_bbp_topic_count_hidden":0,"_bbp_reply_count_hidden":0,"_bbp_forum_subforum_count":0,"footnotes":""},"categories":[2,97,1,3,4,110],"tags":[],"class_list":["post-5707","post","type-post","status-publish","format-standard","hentry","category-infantil","category-els-pops","category-general","category-i3","category-portada","category-sortides"],"post_mailing_queue_ids":[],"_links":{"self":[{"href":"https:\/\/agora.xtec.cat\/ceip-marinada-barcelona\/wp-json\/wp\/v2\/posts\/5707","targetHints":{"allow":["GET"]}}],"collection":[{"href":"https:\/\/agora.xtec.cat\/ceip-marinada-barcelona\/wp-json\/wp\/v2\/posts"}],"about":[{"href":"https:\/\/agora.xtec.cat\/ceip-marinada-barcelona\/wp-json\/wp\/v2\/types\/post"}],"author":[{"embeddable":true,"href":"https:\/\/agora.xtec.cat\/ceip-marinada-barcelona\/wp-json\/wp\/v2\/users\/1"}],"replies":[{"embeddable":true,"href":"https:\/\/agora.xtec.cat\/ceip-marinada-barcelona\/wp-json\/wp\/v2\/comments?post=5707"}],"version-history":[{"count":1,"href":"https:\/\/agora.xtec.cat\/ceip-marinada-barcelona\/wp-json\/wp\/v2\/posts\/5707\/revisions"}],"predecessor-version":[{"id":5708,"href":"https:\/\/agora.xtec.cat\/ceip-marinada-barcelona\/wp-json\/wp\/v2\/posts\/5707\/revisions\/5708"}],"wp:attachment":[{"href":"https:\/\/agora.xtec.cat\/ceip-marinada-barcelona\/wp-json\/wp\/v2\/media?parent=5707"}],"wp:term":[{"taxonomy":"category","embeddable":true,"href":"https:\/\/agora.xtec.cat\/ceip-marinada-barcelona\/wp-json\/wp\/v2\/categories?post=5707"},{"taxonomy":"post_tag","embeddable":true,"href":"https:\/\/agora.xtec.cat\/ceip-marinada-barcelona\/wp-json\/wp\/v2\/tags?post=5707"}],"curies":[{"name":"wp","href":"https:\/\/api.w.org\/{rel}","templated":true}]}}