{"id":5636,"date":"2022-04-25T10:49:53","date_gmt":"2022-04-25T08:49:53","guid":{"rendered":"https:\/\/agora.xtec.cat\/ceip-marinada-barcelona\/?p=5636"},"modified":"2022-06-04T13:15:56","modified_gmt":"2022-06-04T11:15:56","slug":"cm-visita-el-cram","status":"publish","type":"post","link":"https:\/\/agora.xtec.cat\/ceip-marinada-barcelona\/general\/cm-visita-el-cram\/","title":{"rendered":"CM visita el CRAM"},"content":{"rendered":"<p>El passat 22 d&#8217;abril, els alumnes de Cicle Mitj\u00e0 vam poder gaudir d&#8217;una fant\u00e0stica sortida al CRAM (Centre de Recuperaci\u00f3 d\u2019Animals Marins). Per tant, \u201ces tracta d&#8217;un hospital per als \u00e9ssers vius que habiten dins de la mar\u201d.<\/p>\n<p>All\u00e0 ens va fer una xerrada sobre el molt que pateixen els animals marins a causa de l&#8217;hum\u00e0. I \u00e9s que contamina molt\u00edssim!<\/p>\n<p>Despr\u00e9s vam fer un taller on hav\u00edem d&#8217;identificar que objectes eren perjudicials per a la mar\u2026 i la realitat \u00e9s que la gran majoria ho s\u00f3n!<\/p>\n<p>I tamb\u00e9 vam fer un experiment on vam aprendre com es pot treure, de l\u2019aigua, el petroli que contamina el mar.<\/p>\n<p>Per \u00faltim, vam veure tortugues rescatades, que tenien problemes per poder sobreviure al mar, i ens van explicar que els hi havia passat a cadascuna d\u2019elles.<\/p>\n<p>Vam arribar a la conclusi\u00f3, que \u00e9s important respectar les platges i el mar reciclant les escombraries que el podrien embrutar. I, tamb\u00e9 ens vam adonar que els que m\u00e9s contaminen s\u00f3n els humans.<\/p>\n<p><iframe loading=\"lazy\" title=\"YouTube video player\" src=\"https:\/\/www.youtube.com\/embed\/xnMOq2KVVLs\" width=\"560\" height=\"315\" frameborder=\"0\" allowfullscreen=\"allowfullscreen\"><\/iframe><\/p>\n","protected":false},"excerpt":{"rendered":"<p>El passat 22 d&#8217;abril, els alumnes de Cicle Mitj\u00e0 vam poder gaudir d&#8217;una fant\u00e0stica sortida al CRAM (Centre de Recuperaci\u00f3 d\u2019Animals Marins). Per tant, \u201ces tracta d&#8217;un hospital per als \u00e9ssers vius que habiten dins de la mar\u201d.<br \/>\nAll\u00e0 ens va fer una xerrada sobre el&hellip;  <a href=\"https:\/\/agora.xtec.cat\/ceip-marinada-barcelona\/general\/cm-visita-el-cram\/\" title=\"Read CM visita el CRAM\">Llegeix m\u00e9s\u00bb<\/a><\/p>\n","protected":false},"author":1,"featured_media":5637,"comment_status":"open","ping_status":"closed","sticky":false,"template":"","format":"standard","meta":{"_bbp_topic_count":0,"_bbp_reply_count":0,"_bbp_total_topic_count":0,"_bbp_total_reply_count":0,"_bbp_voice_count":0,"_bbp_anonymous_reply_count":0,"_bbp_topic_count_hidden":0,"_bbp_reply_count_hidden":0,"_bbp_forum_subforum_count":0,"footnotes":""},"categories":[12,13,89,1,4,5],"tags":[],"class_list":["post-5636","post","type-post","status-publish","format-standard","has-post-thumbnail","hentry","category-3r","category-4t","category-mitja","category-general","category-portada","category-primaria"],"post_mailing_queue_ids":[],"_links":{"self":[{"href":"https:\/\/agora.xtec.cat\/ceip-marinada-barcelona\/wp-json\/wp\/v2\/posts\/5636","targetHints":{"allow":["GET"]}}],"collection":[{"href":"https:\/\/agora.xtec.cat\/ceip-marinada-barcelona\/wp-json\/wp\/v2\/posts"}],"about":[{"href":"https:\/\/agora.xtec.cat\/ceip-marinada-barcelona\/wp-json\/wp\/v2\/types\/post"}],"author":[{"embeddable":true,"href":"https:\/\/agora.xtec.cat\/ceip-marinada-barcelona\/wp-json\/wp\/v2\/users\/1"}],"replies":[{"embeddable":true,"href":"https:\/\/agora.xtec.cat\/ceip-marinada-barcelona\/wp-json\/wp\/v2\/comments?post=5636"}],"version-history":[{"count":1,"href":"https:\/\/agora.xtec.cat\/ceip-marinada-barcelona\/wp-json\/wp\/v2\/posts\/5636\/revisions"}],"predecessor-version":[{"id":5638,"href":"https:\/\/agora.xtec.cat\/ceip-marinada-barcelona\/wp-json\/wp\/v2\/posts\/5636\/revisions\/5638"}],"wp:featuredmedia":[{"embeddable":true,"href":"https:\/\/agora.xtec.cat\/ceip-marinada-barcelona\/wp-json\/wp\/v2\/media\/5637"}],"wp:attachment":[{"href":"https:\/\/agora.xtec.cat\/ceip-marinada-barcelona\/wp-json\/wp\/v2\/media?parent=5636"}],"wp:term":[{"taxonomy":"category","embeddable":true,"href":"https:\/\/agora.xtec.cat\/ceip-marinada-barcelona\/wp-json\/wp\/v2\/categories?post=5636"},{"taxonomy":"post_tag","embeddable":true,"href":"https:\/\/agora.xtec.cat\/ceip-marinada-barcelona\/wp-json\/wp\/v2\/tags?post=5636"}],"curies":[{"name":"wp","href":"https:\/\/api.w.org\/{rel}","templated":true}]}}