{"id":5560,"date":"2022-05-16T15:56:47","date_gmt":"2022-05-16T13:56:47","guid":{"rendered":"https:\/\/agora.xtec.cat\/ceip-marinada-barcelona\/?p=5560"},"modified":"2022-05-31T15:48:11","modified_gmt":"2022-05-31T13:48:11","slug":"inicial-visita-el-museu-de-la-xocolata","status":"publish","type":"post","link":"https:\/\/agora.xtec.cat\/ceip-marinada-barcelona\/general\/inicial-visita-el-museu-de-la-xocolata\/","title":{"rendered":"Inicial visita el Museu de la xocolata"},"content":{"rendered":"<p>El divendres 13 de maig, la classe dels dinosaures i la dels cuiners i les cuineres hem visitat el Museu de la Xocolata.<\/p>\n<p>Hem fet un taller on ens han explicat que la xocolata es fa del fruit de la planta del cacau i que els fruits no surten de les branques sin\u00f3 del tronc per protegir-se del sol i la pluja. El motiu \u00e9s que \u00e9s un arbre que creix a zones tropicals on plou molt i fa molt de sol.<\/p>\n<p>Despr\u00e9s hem fet una figura de xocolata amb un motllo. Tamb\u00e9 hem escrit i dibuixat amb xocolata i ens hem menjat la nostra producci\u00f3. Ens ha agradat molt.<\/p>\n<p>Per \u00faltim, hem visitat el museu on hem vist escultures molt boniques fetes de xocolata.<\/p>\n<p>Al sortir del museu hem anat al parc de la Ciutadella on hem jugat i hem dinat. Abans de marxar hem donat una volta i hem vist uns aneguets de coll verd amb la seva mare i, ens hem fet una foto amb el mamut.<\/p>\n<p>Ha estat un dia genial!!!<\/p>\n<p><iframe loading=\"lazy\" title=\"YouTube video player\" src=\"https:\/\/www.youtube.com\/embed\/Rvam5RPALVQ\" width=\"560\" height=\"315\" frameborder=\"0\" allowfullscreen=\"allowfullscreen\"><\/iframe><\/p>\n","protected":false},"excerpt":{"rendered":"<p>El divendres 13 de maig, la classe dels dinosaures i la dels cuiners i les cuineres hem visitat el Museu de la Xocolata.<br \/>\nHem fet un taller on ens han explicat que la xocolata es fa del fruit de la planta del cacau i que els&hellip;  <a href=\"https:\/\/agora.xtec.cat\/ceip-marinada-barcelona\/general\/inicial-visita-el-museu-de-la-xocolata\/\" title=\"Read Inicial visita el Museu de la xocolata\">Llegeix m\u00e9s\u00bb<\/a><\/p>\n","protected":false},"author":1,"featured_media":5561,"comment_status":"open","ping_status":"closed","sticky":false,"template":"","format":"standard","meta":{"_bbp_topic_count":0,"_bbp_reply_count":0,"_bbp_total_topic_count":0,"_bbp_total_reply_count":0,"_bbp_voice_count":0,"_bbp_anonymous_reply_count":0,"_bbp_topic_count_hidden":0,"_bbp_reply_count_hidden":0,"_bbp_forum_subforum_count":0,"footnotes":""},"categories":[10,11,88,1,4,5],"tags":[],"class_list":["post-5560","post","type-post","status-publish","format-standard","has-post-thumbnail","hentry","category-1r","category-2n","category-inicial","category-general","category-portada","category-primaria"],"post_mailing_queue_ids":[],"_links":{"self":[{"href":"https:\/\/agora.xtec.cat\/ceip-marinada-barcelona\/wp-json\/wp\/v2\/posts\/5560","targetHints":{"allow":["GET"]}}],"collection":[{"href":"https:\/\/agora.xtec.cat\/ceip-marinada-barcelona\/wp-json\/wp\/v2\/posts"}],"about":[{"href":"https:\/\/agora.xtec.cat\/ceip-marinada-barcelona\/wp-json\/wp\/v2\/types\/post"}],"author":[{"embeddable":true,"href":"https:\/\/agora.xtec.cat\/ceip-marinada-barcelona\/wp-json\/wp\/v2\/users\/1"}],"replies":[{"embeddable":true,"href":"https:\/\/agora.xtec.cat\/ceip-marinada-barcelona\/wp-json\/wp\/v2\/comments?post=5560"}],"version-history":[{"count":2,"href":"https:\/\/agora.xtec.cat\/ceip-marinada-barcelona\/wp-json\/wp\/v2\/posts\/5560\/revisions"}],"predecessor-version":[{"id":5658,"href":"https:\/\/agora.xtec.cat\/ceip-marinada-barcelona\/wp-json\/wp\/v2\/posts\/5560\/revisions\/5658"}],"wp:featuredmedia":[{"embeddable":true,"href":"https:\/\/agora.xtec.cat\/ceip-marinada-barcelona\/wp-json\/wp\/v2\/media\/5561"}],"wp:attachment":[{"href":"https:\/\/agora.xtec.cat\/ceip-marinada-barcelona\/wp-json\/wp\/v2\/media?parent=5560"}],"wp:term":[{"taxonomy":"category","embeddable":true,"href":"https:\/\/agora.xtec.cat\/ceip-marinada-barcelona\/wp-json\/wp\/v2\/categories?post=5560"},{"taxonomy":"post_tag","embeddable":true,"href":"https:\/\/agora.xtec.cat\/ceip-marinada-barcelona\/wp-json\/wp\/v2\/tags?post=5560"}],"curies":[{"name":"wp","href":"https:\/\/api.w.org\/{rel}","templated":true}]}}