{"id":5299,"date":"2022-03-08T22:38:12","date_gmt":"2022-03-08T21:38:12","guid":{"rendered":"https:\/\/agora.xtec.cat\/ceip-marinada-barcelona\/?p=5299"},"modified":"2022-03-13T12:16:25","modified_gmt":"2022-03-13T11:16:25","slug":"dragonada-6e","status":"publish","type":"post","link":"https:\/\/agora.xtec.cat\/ceip-marinada-barcelona\/general\/dragonada-6e\/","title":{"rendered":"Dragonada 6\u00e8"},"content":{"rendered":"<p>Bones!<\/p>\n<p>Avui hem anat a la Dragonada, hem gaudit molt\u00edssim de les proves d&#8217;atletisme i ens hem cansat com mai! Tamb\u00e9 ens hem mullat una miqueta, per\u00f2 ha valgut la pena. Mireu quins atletes estem fets!<\/p>\n<p>Fins aviat!<\/p>\n<p><iframe loading=\"lazy\" src=\"\/\/www.youtube.com\/embed\/UMu3IaVI6XU\" width=\"560\" height=\"314\"><\/iframe><\/p>\n<p>&nbsp;<\/p>\n","protected":false},"excerpt":{"rendered":"<p>Bones!<br \/>\nAvui hem anat a la Dragonada, hem gaudit molt\u00edssim de les proves d&#8217;atletisme i ens hem cansat com mai! Tamb\u00e9 ens hem mullat una miqueta, per\u00f2 ha valgut la pena. Mireu quins atletes estem fets!<br \/>\nFins aviat!<\/p>\n<p>&nbsp;<\/p>\n","protected":false},"author":6,"featured_media":0,"comment_status":"open","ping_status":"closed","sticky":false,"template":"","format":"standard","meta":{"_bbp_topic_count":0,"_bbp_reply_count":0,"_bbp_total_topic_count":0,"_bbp_total_reply_count":0,"_bbp_voice_count":0,"_bbp_anonymous_reply_count":0,"_bbp_topic_count_hidden":0,"_bbp_reply_count_hidden":0,"_bbp_forum_subforum_count":0,"footnotes":""},"categories":[90,1,4,5],"tags":[],"class_list":["post-5299","post","type-post","status-publish","format-standard","hentry","category-superior","category-general","category-portada","category-primaria"],"post_mailing_queue_ids":[],"_links":{"self":[{"href":"https:\/\/agora.xtec.cat\/ceip-marinada-barcelona\/wp-json\/wp\/v2\/posts\/5299","targetHints":{"allow":["GET"]}}],"collection":[{"href":"https:\/\/agora.xtec.cat\/ceip-marinada-barcelona\/wp-json\/wp\/v2\/posts"}],"about":[{"href":"https:\/\/agora.xtec.cat\/ceip-marinada-barcelona\/wp-json\/wp\/v2\/types\/post"}],"author":[{"embeddable":true,"href":"https:\/\/agora.xtec.cat\/ceip-marinada-barcelona\/wp-json\/wp\/v2\/users\/6"}],"replies":[{"embeddable":true,"href":"https:\/\/agora.xtec.cat\/ceip-marinada-barcelona\/wp-json\/wp\/v2\/comments?post=5299"}],"version-history":[{"count":2,"href":"https:\/\/agora.xtec.cat\/ceip-marinada-barcelona\/wp-json\/wp\/v2\/posts\/5299\/revisions"}],"predecessor-version":[{"id":5302,"href":"https:\/\/agora.xtec.cat\/ceip-marinada-barcelona\/wp-json\/wp\/v2\/posts\/5299\/revisions\/5302"}],"wp:attachment":[{"href":"https:\/\/agora.xtec.cat\/ceip-marinada-barcelona\/wp-json\/wp\/v2\/media?parent=5299"}],"wp:term":[{"taxonomy":"category","embeddable":true,"href":"https:\/\/agora.xtec.cat\/ceip-marinada-barcelona\/wp-json\/wp\/v2\/categories?post=5299"},{"taxonomy":"post_tag","embeddable":true,"href":"https:\/\/agora.xtec.cat\/ceip-marinada-barcelona\/wp-json\/wp\/v2\/tags?post=5299"}],"curies":[{"name":"wp","href":"https:\/\/api.w.org\/{rel}","templated":true}]}}