{"id":5212,"date":"2022-02-26T17:56:51","date_gmt":"2022-02-26T16:56:51","guid":{"rendered":"https:\/\/agora.xtec.cat\/ceip-marinada-barcelona\/?p=5212"},"modified":"2022-02-26T17:56:51","modified_gmt":"2022-02-26T16:56:51","slug":"de-quin-color-son-els-pops","status":"publish","type":"post","link":"https:\/\/agora.xtec.cat\/ceip-marinada-barcelona\/general\/de-quin-color-son-els-pops\/","title":{"rendered":"De quin color s\u00f3n els pops?"},"content":{"rendered":"<p>Despr\u00e9s d&#8217;anar a la biblioteca a buscar llibres de pops hem decidit que ja podem pintar el mural de l&#8217;entrada.<br \/>\n&#8211; De quin color s\u00f3n els pops?<br \/>\n&#8211; \u00c9s lila!<br \/>\n&#8211; S\u00ed, als contes s\u00f3n liles i de molts colors, per\u00f2 els de veritat de quin color s\u00f3n?<br \/>\n&#8211; Porque se cambia &#8211; diu l&#8217;Amaya.<br \/>\n&#8211; Si van a una roca blanca, se ponen blancos. &#8211; diu la Noa.<br \/>\n&#8211; Y si van a una roca negra pues se ponen negros &#8211; diu el Dylan.<br \/>\n&#8211; Como los camaleones. &#8211; Diu la Noa.<\/p>\n<p>I si mirem com son els nostres pops?<br \/>\n-Marr\u00f3n! -diu la Mia<br \/>\n&#8211; per\u00f2 tiene colorines i brilla! -diu l&#8217;Amaya.<\/p>\n<p>Doncs el fem de marrons diferents i que brilli? El fem amb aquarel\u00b7les que ens agrada tant?<br \/>\n&#8211; Siiii! Yo, yo!!<\/p>\n<p><iframe loading=\"lazy\" title=\"YouTube video player\" src=\"https:\/\/www.youtube.com\/embed\/CoNHX7rU8_M\" width=\"560\" height=\"315\" frameborder=\"0\" allowfullscreen=\"allowfullscreen\"><\/iframe><\/p>\n","protected":false},"excerpt":{"rendered":"<p>Despr\u00e9s d&#8217;anar a la biblioteca a buscar llibres de pops hem decidit que ja podem pintar el mural de l&#8217;entrada.<br \/>\n&#8211; De quin color s\u00f3n els pops?<br \/>\n&#8211; \u00c9s lila!<br \/>\n&#8211; S\u00ed, als contes s\u00f3n liles i de molts colors, per\u00f2 els de veritat de quin color s\u00f3n?<br \/>\n&#8211;&hellip;  <a href=\"https:\/\/agora.xtec.cat\/ceip-marinada-barcelona\/general\/de-quin-color-son-els-pops\/\" title=\"Read De quin color s\u00f3n els pops?\">Llegeix m\u00e9s\u00bb<\/a><\/p>\n","protected":false},"author":1,"featured_media":0,"comment_status":"open","ping_status":"closed","sticky":false,"template":"","format":"standard","meta":{"_bbp_topic_count":0,"_bbp_reply_count":0,"_bbp_total_topic_count":0,"_bbp_total_reply_count":0,"_bbp_voice_count":0,"_bbp_anonymous_reply_count":0,"_bbp_topic_count_hidden":0,"_bbp_reply_count_hidden":0,"_bbp_forum_subforum_count":0,"footnotes":""},"categories":[2,97,1,3,4],"tags":[98],"class_list":["post-5212","post","type-post","status-publish","format-standard","hentry","category-infantil","category-els-pops","category-general","category-i3","category-portada","tag-projectes"],"post_mailing_queue_ids":[],"_links":{"self":[{"href":"https:\/\/agora.xtec.cat\/ceip-marinada-barcelona\/wp-json\/wp\/v2\/posts\/5212","targetHints":{"allow":["GET"]}}],"collection":[{"href":"https:\/\/agora.xtec.cat\/ceip-marinada-barcelona\/wp-json\/wp\/v2\/posts"}],"about":[{"href":"https:\/\/agora.xtec.cat\/ceip-marinada-barcelona\/wp-json\/wp\/v2\/types\/post"}],"author":[{"embeddable":true,"href":"https:\/\/agora.xtec.cat\/ceip-marinada-barcelona\/wp-json\/wp\/v2\/users\/1"}],"replies":[{"embeddable":true,"href":"https:\/\/agora.xtec.cat\/ceip-marinada-barcelona\/wp-json\/wp\/v2\/comments?post=5212"}],"version-history":[{"count":1,"href":"https:\/\/agora.xtec.cat\/ceip-marinada-barcelona\/wp-json\/wp\/v2\/posts\/5212\/revisions"}],"predecessor-version":[{"id":5213,"href":"https:\/\/agora.xtec.cat\/ceip-marinada-barcelona\/wp-json\/wp\/v2\/posts\/5212\/revisions\/5213"}],"wp:attachment":[{"href":"https:\/\/agora.xtec.cat\/ceip-marinada-barcelona\/wp-json\/wp\/v2\/media?parent=5212"}],"wp:term":[{"taxonomy":"category","embeddable":true,"href":"https:\/\/agora.xtec.cat\/ceip-marinada-barcelona\/wp-json\/wp\/v2\/categories?post=5212"},{"taxonomy":"post_tag","embeddable":true,"href":"https:\/\/agora.xtec.cat\/ceip-marinada-barcelona\/wp-json\/wp\/v2\/tags?post=5212"}],"curies":[{"name":"wp","href":"https:\/\/api.w.org\/{rel}","templated":true}]}}