{"id":5146,"date":"2022-02-10T19:33:49","date_gmt":"2022-02-10T18:33:49","guid":{"rendered":"https:\/\/agora.xtec.cat\/ceip-marinada-barcelona\/?p=5146"},"modified":"2022-02-17T20:06:57","modified_gmt":"2022-02-17T19:06:57","slug":"els-pops-anem-a-la-biblioteca","status":"publish","type":"post","link":"https:\/\/agora.xtec.cat\/ceip-marinada-barcelona\/general\/els-pops-anem-a-la-biblioteca\/","title":{"rendered":"Els pops anem a la biblioteca"},"content":{"rendered":"<p>Els Pops tenim moltes ganes d&#8217;aprendre i descobrir coses noves i hem sortit al carrer per con\u00e8ixer un equipament p\u00fablic del barri, a l&#8217;abast de tothom: la biblioteca de Nou Barris.<br \/>\nEns han explicat que la biblioteca \u00e9s la casa dels llibres i els contes, que en tenen molt\u00edssims i que ens els poden deixar.<\/p>\n<ul>\n<li>Nosaltres som els pops i volem contes de pops! &#8211; diu el Dylan.<\/li>\n<li>S\u00ed, s\u00ed, us en he preparat alguns per portar-los a la classe.<\/li>\n<\/ul>\n<p>Despr\u00e9s ens ha ensenyat alguns contes especials i en acabar hem pogut remenar i gaudir i mirar tots els contes que hi havia: d&#8217;animals, de natura, de transports, contes sorpresa\u2026<br \/>\nSab\u00edeu que la biblioteca de Nou Barris est\u00e0 especialitzada en el circ?<\/p>\n<ul>\n<li>Por eso hay un payaso?<\/li>\n<li>Nosaltres hacemos circ amb el Pol.<\/li>\n<li>S\u00ed, malabars, palos chinos..<\/li>\n<\/ul>\n<p>I per acabar d&#8217;arrodonir el mat\u00ed, hem anat a jugar al parc infantil: despr\u00e9s de tanta estona necessit\u00e0vem c\u00f3rrer i moure&#8217;ns!<br \/>\n<iframe loading=\"lazy\" title=\"YouTube video player\" src=\"https:\/\/www.youtube.com\/embed\/z044Al4C2uU\" width=\"560\" height=\"315\" frameborder=\"0\" allowfullscreen=\"allowfullscreen\"><\/iframe><\/p>\n","protected":false},"excerpt":{"rendered":"<p>Els Pops tenim moltes ganes d&#8217;aprendre i descobrir coses noves i hem sortit al carrer per con\u00e8ixer un equipament p\u00fablic del barri, a l&#8217;abast de tothom: la biblioteca de Nou Barris.<br \/>\nEns han explicat que la biblioteca \u00e9s la casa dels llibres i els contes, que&hellip;  <a href=\"https:\/\/agora.xtec.cat\/ceip-marinada-barcelona\/general\/els-pops-anem-a-la-biblioteca\/\" title=\"Read Els pops anem a la biblioteca\">Llegeix m\u00e9s\u00bb<\/a><\/p>\n","protected":false},"author":1,"featured_media":5147,"comment_status":"open","ping_status":"closed","sticky":false,"template":"","format":"standard","meta":{"_bbp_topic_count":0,"_bbp_reply_count":0,"_bbp_total_topic_count":0,"_bbp_total_reply_count":0,"_bbp_voice_count":0,"_bbp_anonymous_reply_count":0,"_bbp_topic_count_hidden":0,"_bbp_reply_count_hidden":0,"_bbp_forum_subforum_count":0,"footnotes":""},"categories":[2,97,1,3,4],"tags":[],"class_list":["post-5146","post","type-post","status-publish","format-standard","has-post-thumbnail","hentry","category-infantil","category-els-pops","category-general","category-i3","category-portada"],"post_mailing_queue_ids":[],"_links":{"self":[{"href":"https:\/\/agora.xtec.cat\/ceip-marinada-barcelona\/wp-json\/wp\/v2\/posts\/5146","targetHints":{"allow":["GET"]}}],"collection":[{"href":"https:\/\/agora.xtec.cat\/ceip-marinada-barcelona\/wp-json\/wp\/v2\/posts"}],"about":[{"href":"https:\/\/agora.xtec.cat\/ceip-marinada-barcelona\/wp-json\/wp\/v2\/types\/post"}],"author":[{"embeddable":true,"href":"https:\/\/agora.xtec.cat\/ceip-marinada-barcelona\/wp-json\/wp\/v2\/users\/1"}],"replies":[{"embeddable":true,"href":"https:\/\/agora.xtec.cat\/ceip-marinada-barcelona\/wp-json\/wp\/v2\/comments?post=5146"}],"version-history":[{"count":1,"href":"https:\/\/agora.xtec.cat\/ceip-marinada-barcelona\/wp-json\/wp\/v2\/posts\/5146\/revisions"}],"predecessor-version":[{"id":5148,"href":"https:\/\/agora.xtec.cat\/ceip-marinada-barcelona\/wp-json\/wp\/v2\/posts\/5146\/revisions\/5148"}],"wp:featuredmedia":[{"embeddable":true,"href":"https:\/\/agora.xtec.cat\/ceip-marinada-barcelona\/wp-json\/wp\/v2\/media\/5147"}],"wp:attachment":[{"href":"https:\/\/agora.xtec.cat\/ceip-marinada-barcelona\/wp-json\/wp\/v2\/media?parent=5146"}],"wp:term":[{"taxonomy":"category","embeddable":true,"href":"https:\/\/agora.xtec.cat\/ceip-marinada-barcelona\/wp-json\/wp\/v2\/categories?post=5146"},{"taxonomy":"post_tag","embeddable":true,"href":"https:\/\/agora.xtec.cat\/ceip-marinada-barcelona\/wp-json\/wp\/v2\/tags?post=5146"}],"curies":[{"name":"wp","href":"https:\/\/api.w.org\/{rel}","templated":true}]}}