{"id":5121,"date":"2022-02-05T17:30:27","date_gmt":"2022-02-05T16:30:27","guid":{"rendered":"https:\/\/agora.xtec.cat\/ceip-marinada-barcelona\/?p=5121"},"modified":"2022-03-19T11:57:00","modified_gmt":"2022-03-19T10:57:00","slug":"celebrem-el-denip","status":"publish","type":"post","link":"https:\/\/agora.xtec.cat\/ceip-marinada-barcelona\/infantil\/celebrem-el-denip\/","title":{"rendered":"Celebrem el DENIP"},"content":{"rendered":"<p>El dia 30 de gener es celebra el Dia escolar la no viol\u00e8ncia i de la pau, el DENIP. Aquest any, el dia 31, ens hem reunit tota l&#8217;escola per celebrar-lo. Cada grup hem dibuixat cors i tots junts hem cantat la can\u00e7\u00f3 &#8220;El m\u00f3n seria&#8221; dedicada a la Pau.<\/p>\n<p style=\"text-align: center;\"><a href=\"https:\/\/agora.xtec.cat\/ceip-marinada-barcelona\/wp-content\/uploads\/usu1756\/2022\/02\/Page7_0.bmp\"><img loading=\"lazy\" decoding=\"async\" class=\"wp-image-5124 aligncenter\" src=\"https:\/\/agora.xtec.cat\/ceip-marinada-barcelona\/wp-content\/uploads\/usu1756\/2022\/02\/Page7_0.bmp\" alt=\"\" width=\"552\" height=\"414\" srcset=\"https:\/\/agora.xtec.cat\/ceip-marinada-barcelona\/wp-content\/uploads\/usu1756\/2022\/02\/Page7_0.bmp 800w, https:\/\/agora.xtec.cat\/ceip-marinada-barcelona\/wp-content\/uploads\/usu1756\/2022\/02\/Page7_0-300x225.jpg 300w, https:\/\/agora.xtec.cat\/ceip-marinada-barcelona\/wp-content\/uploads\/usu1756\/2022\/02\/Page7_0-768x576.jpg 768w, https:\/\/agora.xtec.cat\/ceip-marinada-barcelona\/wp-content\/uploads\/usu1756\/2022\/02\/Page7_0-200x150.jpg 200w\" sizes=\"auto, (max-width: 552px) 100vw, 552px\" \/><\/a><\/p>\n<p style=\"text-align: center;\"><a href=\"https:\/\/agora.xtec.cat\/ceip-marinada-barcelona\/wp-content\/uploads\/usu1756\/2022\/02\/canco-pau.jpg\"><img loading=\"lazy\" decoding=\"async\" class=\"alignnone wp-image-5125\" src=\"https:\/\/agora.xtec.cat\/ceip-marinada-barcelona\/wp-content\/uploads\/usu1756\/2022\/02\/canco-pau.jpg\" alt=\"\" width=\"797\" height=\"528\" srcset=\"https:\/\/agora.xtec.cat\/ceip-marinada-barcelona\/wp-content\/uploads\/usu1756\/2022\/02\/canco-pau.jpg 868w, https:\/\/agora.xtec.cat\/ceip-marinada-barcelona\/wp-content\/uploads\/usu1756\/2022\/02\/canco-pau-300x198.jpg 300w, https:\/\/agora.xtec.cat\/ceip-marinada-barcelona\/wp-content\/uploads\/usu1756\/2022\/02\/canco-pau-768x508.jpg 768w\" sizes=\"auto, (max-width: 797px) 100vw, 797px\" \/><\/a><\/p>\n","protected":false},"excerpt":{"rendered":"<p>El dia 30 de gener es celebra el Dia escolar la no viol\u00e8ncia i de la pau, el DENIP. Aquest any, el dia 31, ens hem reunit tota l&#8217;escola per celebrar-lo. Cada grup hem dibuixat cors i tots junts hem cantat la can\u00e7\u00f3 &#8220;El m\u00f3n&hellip;  <a href=\"https:\/\/agora.xtec.cat\/ceip-marinada-barcelona\/infantil\/celebrem-el-denip\/\" title=\"Read Celebrem el DENIP\">Llegeix m\u00e9s\u00bb<\/a><\/p>\n","protected":false},"author":1,"featured_media":0,"comment_status":"open","ping_status":"closed","sticky":false,"template":"","format":"standard","meta":{"_bbp_topic_count":0,"_bbp_reply_count":0,"_bbp_total_topic_count":0,"_bbp_total_reply_count":0,"_bbp_voice_count":0,"_bbp_anonymous_reply_count":0,"_bbp_topic_count_hidden":0,"_bbp_reply_count_hidden":0,"_bbp_forum_subforum_count":0,"footnotes":""},"categories":[88,89,90,2,102,103,97,4,5],"tags":[],"class_list":["post-5121","post","type-post","status-publish","format-standard","hentry","category-inicial","category-mitja","category-superior","category-infantil","category-els-coales","category-els-dofins","category-els-pops","category-portada","category-primaria"],"post_mailing_queue_ids":[],"_links":{"self":[{"href":"https:\/\/agora.xtec.cat\/ceip-marinada-barcelona\/wp-json\/wp\/v2\/posts\/5121","targetHints":{"allow":["GET"]}}],"collection":[{"href":"https:\/\/agora.xtec.cat\/ceip-marinada-barcelona\/wp-json\/wp\/v2\/posts"}],"about":[{"href":"https:\/\/agora.xtec.cat\/ceip-marinada-barcelona\/wp-json\/wp\/v2\/types\/post"}],"author":[{"embeddable":true,"href":"https:\/\/agora.xtec.cat\/ceip-marinada-barcelona\/wp-json\/wp\/v2\/users\/1"}],"replies":[{"embeddable":true,"href":"https:\/\/agora.xtec.cat\/ceip-marinada-barcelona\/wp-json\/wp\/v2\/comments?post=5121"}],"version-history":[{"count":2,"href":"https:\/\/agora.xtec.cat\/ceip-marinada-barcelona\/wp-json\/wp\/v2\/posts\/5121\/revisions"}],"predecessor-version":[{"id":5127,"href":"https:\/\/agora.xtec.cat\/ceip-marinada-barcelona\/wp-json\/wp\/v2\/posts\/5121\/revisions\/5127"}],"wp:attachment":[{"href":"https:\/\/agora.xtec.cat\/ceip-marinada-barcelona\/wp-json\/wp\/v2\/media?parent=5121"}],"wp:term":[{"taxonomy":"category","embeddable":true,"href":"https:\/\/agora.xtec.cat\/ceip-marinada-barcelona\/wp-json\/wp\/v2\/categories?post=5121"},{"taxonomy":"post_tag","embeddable":true,"href":"https:\/\/agora.xtec.cat\/ceip-marinada-barcelona\/wp-json\/wp\/v2\/tags?post=5121"}],"curies":[{"name":"wp","href":"https:\/\/api.w.org\/{rel}","templated":true}]}}