{"id":5081,"date":"2022-01-14T19:03:01","date_gmt":"2022-01-14T18:03:01","guid":{"rendered":"https:\/\/agora.xtec.cat\/ceip-marinada-barcelona\/?p=5081"},"modified":"2022-01-28T19:16:27","modified_gmt":"2022-01-28T18:16:27","slug":"els-pops-experimentem-amb-el-gel","status":"publish","type":"post","link":"https:\/\/agora.xtec.cat\/ceip-marinada-barcelona\/infantil\/els-pops-experimentem-amb-el-gel\/","title":{"rendered":"Els pops experimentem amb el gel"},"content":{"rendered":"<p>Com es fa el gel?<br \/>\n-Pues pones agua en la nevera.<br \/>\nI com es desf\u00e0 el gel?<br \/>\n-Con agua<br \/>\n-As\u00ed ( fa el gest de fer cops, de trencar-lo).<\/p>\n<p>I si fem la prova? Mireu jo he portat sal a veure si ens ajuda.<br \/>\n-S\u00ed, s\u00ed!!!<\/p>\n<p>Tenim 3 recipients amb blocs de gel i peces i animals atrapats.<br \/>\nAl primer li posem sal.<br \/>\nAl segon li posem aigua.<br \/>\nAl tercer no li fem res, el deixem estar.<\/p>\n<p>Quin creus que es desfar\u00e0 abans? Quin guanyar\u00e0? Cadasc\u00fa fa la seva hip\u00f2tesis.<br \/>\nAra cal esperar. Que dif\u00edcil! Volem tocar-lo!!<\/p>\n<p>A estones ens tornem a apropar i fem la comprovaci\u00f3: quin s&#8217;ha des fet abans? Podem alliberar alguna pe\u00e7a?<br \/>\nHeu encertat? Ha sigut el que us pensaveu?<br \/>\n<iframe loading=\"lazy\" title=\"YouTube video player\" src=\"https:\/\/www.youtube.com\/embed\/zqIJCPSwFaA\" width=\"560\" height=\"315\" frameborder=\"0\" allowfullscreen=\"allowfullscreen\"><\/iframe><\/p>\n","protected":false},"excerpt":{"rendered":"<p>Com es fa el gel?<br \/>\n-Pues pones agua en la nevera.<br \/>\nI com es desf\u00e0 el gel?<br \/>\n-Con agua<br \/>\n-As\u00ed ( fa el gest de fer cops, de trencar-lo).<br \/>\nI si fem la prova? Mireu jo he portat sal a veure si ens ajuda.<br \/>\n-S\u00ed, s\u00ed!!!<br \/>\nTenim 3 recipients amb blocs de&hellip;  <a href=\"https:\/\/agora.xtec.cat\/ceip-marinada-barcelona\/infantil\/els-pops-experimentem-amb-el-gel\/\" title=\"Read Els pops experimentem amb el gel\">Llegeix m\u00e9s\u00bb<\/a><\/p>\n","protected":false},"author":1,"featured_media":5082,"comment_status":"open","ping_status":"closed","sticky":false,"template":"","format":"standard","meta":{"_bbp_topic_count":0,"_bbp_reply_count":0,"_bbp_total_topic_count":0,"_bbp_total_reply_count":0,"_bbp_voice_count":0,"_bbp_anonymous_reply_count":0,"_bbp_topic_count_hidden":0,"_bbp_reply_count_hidden":0,"_bbp_forum_subforum_count":0,"footnotes":""},"categories":[2,97,3,4],"tags":[],"class_list":["post-5081","post","type-post","status-publish","format-standard","has-post-thumbnail","hentry","category-infantil","category-els-pops","category-i3","category-portada"],"post_mailing_queue_ids":[],"_links":{"self":[{"href":"https:\/\/agora.xtec.cat\/ceip-marinada-barcelona\/wp-json\/wp\/v2\/posts\/5081","targetHints":{"allow":["GET"]}}],"collection":[{"href":"https:\/\/agora.xtec.cat\/ceip-marinada-barcelona\/wp-json\/wp\/v2\/posts"}],"about":[{"href":"https:\/\/agora.xtec.cat\/ceip-marinada-barcelona\/wp-json\/wp\/v2\/types\/post"}],"author":[{"embeddable":true,"href":"https:\/\/agora.xtec.cat\/ceip-marinada-barcelona\/wp-json\/wp\/v2\/users\/1"}],"replies":[{"embeddable":true,"href":"https:\/\/agora.xtec.cat\/ceip-marinada-barcelona\/wp-json\/wp\/v2\/comments?post=5081"}],"version-history":[{"count":1,"href":"https:\/\/agora.xtec.cat\/ceip-marinada-barcelona\/wp-json\/wp\/v2\/posts\/5081\/revisions"}],"predecessor-version":[{"id":5083,"href":"https:\/\/agora.xtec.cat\/ceip-marinada-barcelona\/wp-json\/wp\/v2\/posts\/5081\/revisions\/5083"}],"wp:featuredmedia":[{"embeddable":true,"href":"https:\/\/agora.xtec.cat\/ceip-marinada-barcelona\/wp-json\/wp\/v2\/media\/5082"}],"wp:attachment":[{"href":"https:\/\/agora.xtec.cat\/ceip-marinada-barcelona\/wp-json\/wp\/v2\/media?parent=5081"}],"wp:term":[{"taxonomy":"category","embeddable":true,"href":"https:\/\/agora.xtec.cat\/ceip-marinada-barcelona\/wp-json\/wp\/v2\/categories?post=5081"},{"taxonomy":"post_tag","embeddable":true,"href":"https:\/\/agora.xtec.cat\/ceip-marinada-barcelona\/wp-json\/wp\/v2\/tags?post=5081"}],"curies":[{"name":"wp","href":"https:\/\/api.w.org\/{rel}","templated":true}]}}