{"id":5066,"date":"2022-01-26T19:47:39","date_gmt":"2022-01-26T18:47:39","guid":{"rendered":"https:\/\/agora.xtec.cat\/ceip-marinada-barcelona\/?p=5066"},"modified":"2022-01-28T18:14:31","modified_gmt":"2022-01-28T17:14:31","slug":"els-pops-som-malabaristes","status":"publish","type":"post","link":"https:\/\/agora.xtec.cat\/ceip-marinada-barcelona\/general\/els-pops-som-malabaristes\/","title":{"rendered":"Els pops som malabaristes"},"content":{"rendered":"<p>Aquests trimestre hem iniciat EL PROJECTE MUS-E. Els Pops fem la sessi\u00f3 amb el Pol, que \u00e9s un artista de CIRC! I sabeu amb qu\u00e8 hem comen\u00e7at? Amb malabars. Si, s\u00ed, els pops estem fets tots uns malabaristes! Hem tocat i jugat amb diferents materials: robes, aros, papers de diari, pals&#8230;Ens familiaritzem amb el material i provem d\u2019aconseguir els diferents reptes que ens proposa el Pol, tot treballant la coordinaci\u00f3, el moviment\u2026 Hi ha propostes molt dif\u00edcils per a nosaltres per\u00f2, sabeu? Sempre acabem valorant l\u2019activitat molt i molt b\u00e9! Mireu les fotos, mireu:<br \/>\n<iframe loading=\"lazy\" title=\"YouTube video player\" src=\"https:\/\/www.youtube.com\/embed\/UwF5xiL08XY\" width=\"560\" height=\"315\" frameborder=\"0\" allowfullscreen=\"allowfullscreen\"><\/iframe><\/p>\n","protected":false},"excerpt":{"rendered":"<p>Aquests trimestre hem iniciat EL PROJECTE MUS-E. Els Pops fem la sessi\u00f3 amb el Pol, que \u00e9s un artista de CIRC! I sabeu amb qu\u00e8 hem comen\u00e7at? Amb malabars. Si, s\u00ed, els pops estem fets tots uns malabaristes! Hem tocat i jugat amb diferents materials:&hellip;  <a href=\"https:\/\/agora.xtec.cat\/ceip-marinada-barcelona\/general\/els-pops-som-malabaristes\/\" title=\"Read Els pops som malabaristes\">Llegeix m\u00e9s\u00bb<\/a><\/p>\n","protected":false},"author":1,"featured_media":5067,"comment_status":"open","ping_status":"closed","sticky":false,"template":"","format":"standard","meta":{"_bbp_topic_count":0,"_bbp_reply_count":0,"_bbp_total_topic_count":0,"_bbp_total_reply_count":0,"_bbp_voice_count":0,"_bbp_anonymous_reply_count":0,"_bbp_topic_count_hidden":0,"_bbp_reply_count_hidden":0,"_bbp_forum_subforum_count":0,"footnotes":""},"categories":[2,97,1,3,93,4],"tags":[],"class_list":["post-5066","post","type-post","status-publish","format-standard","has-post-thumbnail","hentry","category-infantil","category-els-pops","category-general","category-i3","category-mus-e","category-portada"],"post_mailing_queue_ids":[],"_links":{"self":[{"href":"https:\/\/agora.xtec.cat\/ceip-marinada-barcelona\/wp-json\/wp\/v2\/posts\/5066","targetHints":{"allow":["GET"]}}],"collection":[{"href":"https:\/\/agora.xtec.cat\/ceip-marinada-barcelona\/wp-json\/wp\/v2\/posts"}],"about":[{"href":"https:\/\/agora.xtec.cat\/ceip-marinada-barcelona\/wp-json\/wp\/v2\/types\/post"}],"author":[{"embeddable":true,"href":"https:\/\/agora.xtec.cat\/ceip-marinada-barcelona\/wp-json\/wp\/v2\/users\/1"}],"replies":[{"embeddable":true,"href":"https:\/\/agora.xtec.cat\/ceip-marinada-barcelona\/wp-json\/wp\/v2\/comments?post=5066"}],"version-history":[{"count":1,"href":"https:\/\/agora.xtec.cat\/ceip-marinada-barcelona\/wp-json\/wp\/v2\/posts\/5066\/revisions"}],"predecessor-version":[{"id":5068,"href":"https:\/\/agora.xtec.cat\/ceip-marinada-barcelona\/wp-json\/wp\/v2\/posts\/5066\/revisions\/5068"}],"wp:featuredmedia":[{"embeddable":true,"href":"https:\/\/agora.xtec.cat\/ceip-marinada-barcelona\/wp-json\/wp\/v2\/media\/5067"}],"wp:attachment":[{"href":"https:\/\/agora.xtec.cat\/ceip-marinada-barcelona\/wp-json\/wp\/v2\/media?parent=5066"}],"wp:term":[{"taxonomy":"category","embeddable":true,"href":"https:\/\/agora.xtec.cat\/ceip-marinada-barcelona\/wp-json\/wp\/v2\/categories?post=5066"},{"taxonomy":"post_tag","embeddable":true,"href":"https:\/\/agora.xtec.cat\/ceip-marinada-barcelona\/wp-json\/wp\/v2\/tags?post=5066"}],"curies":[{"name":"wp","href":"https:\/\/api.w.org\/{rel}","templated":true}]}}