{"id":5034,"date":"2022-01-10T09:22:18","date_gmt":"2022-01-10T08:22:18","guid":{"rendered":"https:\/\/agora.xtec.cat\/ceip-marinada-barcelona\/?p=5034"},"modified":"2022-03-19T11:58:17","modified_gmt":"2022-03-19T10:58:17","slug":"patge-reial-2021","status":"publish","type":"post","link":"https:\/\/agora.xtec.cat\/ceip-marinada-barcelona\/general\/patge-reial-2021\/","title":{"rendered":"Patge reial 2021"},"content":{"rendered":"<p>L&#8217;AFA de l&#8217;escola, va estar fotografiant\u00a0 als nens i nenes d&#8217;infantil i cicle inicial <span style=\"font-family: inherit; font-size: 1em;\">entregant les cartes dels reis al patge. Ara han realitzat un v\u00eddeo perqu\u00e8 totes les fam\u00edlies puguin gaudir d&#8217;aquest moment.<br \/>\nMoltes gr\u00e0cies AFA!<\/span><br \/>\n<iframe loading=\"lazy\" title=\"YouTube video player\" src=\"https:\/\/www.youtube.com\/embed\/8ipaVUDdang\" width=\"560\" height=\"315\" frameborder=\"0\" allowfullscreen=\"allowfullscreen\"><\/iframe><\/p>\n","protected":false},"excerpt":{"rendered":"<p>L&#8217;AFA de l&#8217;escola, va estar fotografiant\u00a0 als nens i nenes d&#8217;infantil i cicle inicial entregant les cartes dels reis al patge. Ara han realitzat un v\u00eddeo perqu\u00e8 totes les fam\u00edlies puguin gaudir d&#8217;aquest moment.<br \/>\nMoltes gr\u00e0cies AFA!<\/p>\n","protected":false},"author":1,"featured_media":5035,"comment_status":"open","ping_status":"closed","sticky":false,"template":"","format":"standard","meta":{"_bbp_topic_count":0,"_bbp_reply_count":0,"_bbp_total_topic_count":0,"_bbp_total_reply_count":0,"_bbp_voice_count":0,"_bbp_anonymous_reply_count":0,"_bbp_topic_count_hidden":0,"_bbp_reply_count_hidden":0,"_bbp_forum_subforum_count":0,"footnotes":""},"categories":[10,11,7,2,102,103,97,1,3,8,9,4,5],"tags":[],"class_list":["post-5034","post","type-post","status-publish","format-standard","has-post-thumbnail","hentry","category-1r","category-2n","category-ampa","category-infantil","category-els-coales","category-els-dofins","category-els-pops","category-general","category-i3","category-i4","category-i5","category-portada","category-primaria"],"post_mailing_queue_ids":[],"_links":{"self":[{"href":"https:\/\/agora.xtec.cat\/ceip-marinada-barcelona\/wp-json\/wp\/v2\/posts\/5034","targetHints":{"allow":["GET"]}}],"collection":[{"href":"https:\/\/agora.xtec.cat\/ceip-marinada-barcelona\/wp-json\/wp\/v2\/posts"}],"about":[{"href":"https:\/\/agora.xtec.cat\/ceip-marinada-barcelona\/wp-json\/wp\/v2\/types\/post"}],"author":[{"embeddable":true,"href":"https:\/\/agora.xtec.cat\/ceip-marinada-barcelona\/wp-json\/wp\/v2\/users\/1"}],"replies":[{"embeddable":true,"href":"https:\/\/agora.xtec.cat\/ceip-marinada-barcelona\/wp-json\/wp\/v2\/comments?post=5034"}],"version-history":[{"count":1,"href":"https:\/\/agora.xtec.cat\/ceip-marinada-barcelona\/wp-json\/wp\/v2\/posts\/5034\/revisions"}],"predecessor-version":[{"id":5036,"href":"https:\/\/agora.xtec.cat\/ceip-marinada-barcelona\/wp-json\/wp\/v2\/posts\/5034\/revisions\/5036"}],"wp:featuredmedia":[{"embeddable":true,"href":"https:\/\/agora.xtec.cat\/ceip-marinada-barcelona\/wp-json\/wp\/v2\/media\/5035"}],"wp:attachment":[{"href":"https:\/\/agora.xtec.cat\/ceip-marinada-barcelona\/wp-json\/wp\/v2\/media?parent=5034"}],"wp:term":[{"taxonomy":"category","embeddable":true,"href":"https:\/\/agora.xtec.cat\/ceip-marinada-barcelona\/wp-json\/wp\/v2\/categories?post=5034"},{"taxonomy":"post_tag","embeddable":true,"href":"https:\/\/agora.xtec.cat\/ceip-marinada-barcelona\/wp-json\/wp\/v2\/tags?post=5034"}],"curies":[{"name":"wp","href":"https:\/\/api.w.org\/{rel}","templated":true}]}}