{"id":4880,"date":"2021-12-12T13:45:28","date_gmt":"2021-12-12T12:45:28","guid":{"rendered":"https:\/\/agora.xtec.cat\/ceip-marinada-barcelona\/?p=4880"},"modified":"2022-03-19T12:01:57","modified_gmt":"2022-03-19T11:01:57","slug":"els-coales-al-mnac","status":"publish","type":"post","link":"https:\/\/agora.xtec.cat\/ceip-marinada-barcelona\/general\/els-coales-al-mnac\/","title":{"rendered":"Els coales al MNAC"},"content":{"rendered":"<p>El 18 de novembre, el grup de coales de p4 vam anar al MNAC.<br \/>\nPrimer vam visitar el museu, ens va rebre el Jeroni que ja coneix\u00edem perqu\u00e8 ens va enviar una carta a l&#8217;escola convidant-nos a visitar-lo a ell i als seus amics: el Seraf\u00ed amb moltes ales i ulls; el Crist de Taull, que ens mirava amb uns ulls molt grossos i el griu, amb el seu cap d\u2019\u00e0liga i cos de lle\u00f3.\u00a0 Ens va agradar molt el museu, els personatges, l&#8217;espai, les propostes de la monitora,&#8230;<br \/>\nDespr\u00e8s vam anar a dinar a la muntanya de Montjuic i ho vam passar molt b\u00e9.<br \/>\nA la tornada amb l&#8217;autocar est\u00e0vem molt cansats per\u00f2 molt contents. Amb ganes de repetir l&#8217;experi\u00e8ncia.<\/p>\n<p><iframe loading=\"lazy\" title=\"YouTube video player\" src=\"https:\/\/www.youtube.com\/embed\/0tg-71hqFdg\" width=\"560\" height=\"315\" frameborder=\"0\" allowfullscreen=\"allowfullscreen\"><\/iframe><\/p>\n","protected":false},"excerpt":{"rendered":"<p>El 18 de novembre, el grup de coales de p4 vam anar al MNAC.<br \/>\nPrimer vam visitar el museu, ens va rebre el Jeroni que ja coneix\u00edem perqu\u00e8 ens va enviar una carta a l&#8217;escola convidant-nos a visitar-lo a ell i als seus amics: el Seraf\u00ed&hellip;  <a href=\"https:\/\/agora.xtec.cat\/ceip-marinada-barcelona\/general\/els-coales-al-mnac\/\" title=\"Read Els coales al MNAC\">Llegeix m\u00e9s\u00bb<\/a><\/p>\n","protected":false},"author":1,"featured_media":4881,"comment_status":"open","ping_status":"closed","sticky":false,"template":"","format":"standard","meta":{"_bbp_topic_count":0,"_bbp_reply_count":0,"_bbp_total_topic_count":0,"_bbp_total_reply_count":0,"_bbp_voice_count":0,"_bbp_anonymous_reply_count":0,"_bbp_topic_count_hidden":0,"_bbp_reply_count_hidden":0,"_bbp_forum_subforum_count":0,"footnotes":""},"categories":[2,102,1,8,4],"tags":[],"class_list":["post-4880","post","type-post","status-publish","format-standard","has-post-thumbnail","hentry","category-infantil","category-els-coales","category-general","category-i4","category-portada"],"post_mailing_queue_ids":[],"_links":{"self":[{"href":"https:\/\/agora.xtec.cat\/ceip-marinada-barcelona\/wp-json\/wp\/v2\/posts\/4880","targetHints":{"allow":["GET"]}}],"collection":[{"href":"https:\/\/agora.xtec.cat\/ceip-marinada-barcelona\/wp-json\/wp\/v2\/posts"}],"about":[{"href":"https:\/\/agora.xtec.cat\/ceip-marinada-barcelona\/wp-json\/wp\/v2\/types\/post"}],"author":[{"embeddable":true,"href":"https:\/\/agora.xtec.cat\/ceip-marinada-barcelona\/wp-json\/wp\/v2\/users\/1"}],"replies":[{"embeddable":true,"href":"https:\/\/agora.xtec.cat\/ceip-marinada-barcelona\/wp-json\/wp\/v2\/comments?post=4880"}],"version-history":[{"count":1,"href":"https:\/\/agora.xtec.cat\/ceip-marinada-barcelona\/wp-json\/wp\/v2\/posts\/4880\/revisions"}],"predecessor-version":[{"id":4882,"href":"https:\/\/agora.xtec.cat\/ceip-marinada-barcelona\/wp-json\/wp\/v2\/posts\/4880\/revisions\/4882"}],"wp:featuredmedia":[{"embeddable":true,"href":"https:\/\/agora.xtec.cat\/ceip-marinada-barcelona\/wp-json\/wp\/v2\/media\/4881"}],"wp:attachment":[{"href":"https:\/\/agora.xtec.cat\/ceip-marinada-barcelona\/wp-json\/wp\/v2\/media?parent=4880"}],"wp:term":[{"taxonomy":"category","embeddable":true,"href":"https:\/\/agora.xtec.cat\/ceip-marinada-barcelona\/wp-json\/wp\/v2\/categories?post=4880"},{"taxonomy":"post_tag","embeddable":true,"href":"https:\/\/agora.xtec.cat\/ceip-marinada-barcelona\/wp-json\/wp\/v2\/tags?post=4880"}],"curies":[{"name":"wp","href":"https:\/\/api.w.org\/{rel}","templated":true}]}}