{"id":4855,"date":"2021-12-22T13:39:17","date_gmt":"2021-12-22T12:39:17","guid":{"rendered":"https:\/\/agora.xtec.cat\/ceip-marinada-barcelona\/?p=4855"},"modified":"2021-12-28T16:06:01","modified_gmt":"2021-12-28T15:06:01","slug":"cicle-mitja-visita-el-parc-del-laberint","status":"publish","type":"post","link":"https:\/\/agora.xtec.cat\/ceip-marinada-barcelona\/general\/cicle-mitja-visita-el-parc-del-laberint\/","title":{"rendered":"Cicle Mitj\u00e0 visita el parc del Laberint"},"content":{"rendered":"<p>Els nens i les nenes de Cicle Mitj\u00e0 hem anat a visitar el parc del Laberint d&#8217;Horta. All\u00e0 ens han explicat la hist\u00f2ria del parc i sobre qu\u00e8 \u00e9s l&#8217;art topiari, tamb\u00e9 alguns dels mites grecs que tenen relaci\u00f3 amb els laberints.<\/p>\n<table style=\"border-collapse: collapse; width: 54.7215%; height: 170px;\">\n<tbody>\n<tr style=\"height: 70px;\">\n<td style=\"width: 63.5415%; height: 70px;\"><span style=\"font-size: 16px;\">Primer, ens ha explicat el mite d<a href=\"https:\/\/drive.google.com\/file\/d\/1WCXECe47nFKLjujj3pdv0P6dZG1BXKCu\/view?usp=sharing\" target=\"_blank\" rel=\"noopener\">el rapte d&#8217;Europa<\/a><\/span><\/td>\n<td style=\"width: 14.611%; height: 70px;\"><a href=\"https:\/\/drive.google.com\/file\/d\/1WCXECe47nFKLjujj3pdv0P6dZG1BXKCu\/view?usp=sharing\"><img loading=\"lazy\" decoding=\"async\" class=\"wp-image-4861 alignright\" src=\"https:\/\/agora.xtec.cat\/ceip-marinada-barcelona\/wp-content\/uploads\/usu1756\/2021\/12\/IMG20211217102825.jpg\" alt=\"\" width=\"142\" height=\"95\" srcset=\"https:\/\/agora.xtec.cat\/ceip-marinada-barcelona\/wp-content\/uploads\/usu1756\/2021\/12\/IMG20211217102825.jpg 1000w, https:\/\/agora.xtec.cat\/ceip-marinada-barcelona\/wp-content\/uploads\/usu1756\/2021\/12\/IMG20211217102825-300x203.jpg 300w, https:\/\/agora.xtec.cat\/ceip-marinada-barcelona\/wp-content\/uploads\/usu1756\/2021\/12\/IMG20211217102825-768x518.jpg 768w\" sizes=\"auto, (max-width: 142px) 100vw, 142px\" \/><\/a><\/td>\n<\/tr>\n<tr style=\"height: 100px;\">\n<td style=\"width: 63.5415%; height: 100px;\">Despr\u00e9s, ens ha explicar <a href=\"https:\/\/drive.google.com\/file\/d\/1MQAgvZCWImLVk0YPXxb3xisj1r32PIkJ\/view?usp=sharing\" target=\"_blank\" rel=\"noopener\">el mite de Teseu i el Minotaure.<\/a><\/td>\n<td style=\"width: 14.611%; height: 100px;\"><a href=\"https:\/\/drive.google.com\/file\/d\/1MQAgvZCWImLVk0YPXxb3xisj1r32PIkJ\/view?usp=sharing\"><img loading=\"lazy\" decoding=\"async\" class=\"alignnone wp-image-4862\" src=\"https:\/\/agora.xtec.cat\/ceip-marinada-barcelona\/wp-content\/uploads\/usu1756\/2021\/12\/f50e547229a9d5bef06578fd2ecdd560.jpg\" alt=\"\" width=\"126\" height=\"124\" srcset=\"https:\/\/agora.xtec.cat\/ceip-marinada-barcelona\/wp-content\/uploads\/usu1756\/2021\/12\/f50e547229a9d5bef06578fd2ecdd560.jpg 630w, https:\/\/agora.xtec.cat\/ceip-marinada-barcelona\/wp-content\/uploads\/usu1756\/2021\/12\/f50e547229a9d5bef06578fd2ecdd560-300x298.jpg 300w\" sizes=\"auto, (max-width: 126px) 100vw, 126px\" \/><\/a><\/td>\n<\/tr>\n<\/tbody>\n<\/table>\n<p>Per \u00faltim, ens hem endinsat en el Laberint, alguns hem trobat la sortida f\u00e0cilment; a uns altre ens ha costat una mica m\u00e9s, per\u00f2 tots i totes ho hem aconseguit.<\/p>\n<p><iframe loading=\"lazy\" title=\"YouTube video player\" src=\"https:\/\/www.youtube.com\/embed\/dh3u9rBbP4g\" width=\"560\" height=\"315\" frameborder=\"0\" allowfullscreen=\"allowfullscreen\"><\/iframe><\/p>\n","protected":false},"excerpt":{"rendered":"<p>Els nens i les nenes de Cicle Mitj\u00e0 hem anat a visitar el parc del Laberint d&#8217;Horta. All\u00e0 ens han explicat la hist\u00f2ria del parc i sobre qu\u00e8 \u00e9s l&#8217;art topiari, tamb\u00e9 alguns dels mites grecs que tenen relaci\u00f3 amb els laberints.<\/p>\n<p>Primer, ens ha explicat&hellip;  <a href=\"https:\/\/agora.xtec.cat\/ceip-marinada-barcelona\/general\/cicle-mitja-visita-el-parc-del-laberint\/\" title=\"Read Cicle Mitj\u00e0 visita el parc del Laberint\">Llegeix m\u00e9s\u00bb<\/a><\/p>\n","protected":false},"author":1,"featured_media":0,"comment_status":"open","ping_status":"closed","sticky":false,"template":"","format":"standard","meta":{"_bbp_topic_count":0,"_bbp_reply_count":0,"_bbp_total_topic_count":0,"_bbp_total_reply_count":0,"_bbp_voice_count":0,"_bbp_anonymous_reply_count":0,"_bbp_topic_count_hidden":0,"_bbp_reply_count_hidden":0,"_bbp_forum_subforum_count":0,"footnotes":""},"categories":[12,13,89,1,4,5],"tags":[],"class_list":["post-4855","post","type-post","status-publish","format-standard","hentry","category-3r","category-4t","category-mitja","category-general","category-portada","category-primaria"],"post_mailing_queue_ids":[],"_links":{"self":[{"href":"https:\/\/agora.xtec.cat\/ceip-marinada-barcelona\/wp-json\/wp\/v2\/posts\/4855","targetHints":{"allow":["GET"]}}],"collection":[{"href":"https:\/\/agora.xtec.cat\/ceip-marinada-barcelona\/wp-json\/wp\/v2\/posts"}],"about":[{"href":"https:\/\/agora.xtec.cat\/ceip-marinada-barcelona\/wp-json\/wp\/v2\/types\/post"}],"author":[{"embeddable":true,"href":"https:\/\/agora.xtec.cat\/ceip-marinada-barcelona\/wp-json\/wp\/v2\/users\/1"}],"replies":[{"embeddable":true,"href":"https:\/\/agora.xtec.cat\/ceip-marinada-barcelona\/wp-json\/wp\/v2\/comments?post=4855"}],"version-history":[{"count":3,"href":"https:\/\/agora.xtec.cat\/ceip-marinada-barcelona\/wp-json\/wp\/v2\/posts\/4855\/revisions"}],"predecessor-version":[{"id":4865,"href":"https:\/\/agora.xtec.cat\/ceip-marinada-barcelona\/wp-json\/wp\/v2\/posts\/4855\/revisions\/4865"}],"wp:attachment":[{"href":"https:\/\/agora.xtec.cat\/ceip-marinada-barcelona\/wp-json\/wp\/v2\/media?parent=4855"}],"wp:term":[{"taxonomy":"category","embeddable":true,"href":"https:\/\/agora.xtec.cat\/ceip-marinada-barcelona\/wp-json\/wp\/v2\/categories?post=4855"},{"taxonomy":"post_tag","embeddable":true,"href":"https:\/\/agora.xtec.cat\/ceip-marinada-barcelona\/wp-json\/wp\/v2\/tags?post=4855"}],"curies":[{"name":"wp","href":"https:\/\/api.w.org\/{rel}","templated":true}]}}