{"id":4815,"date":"2021-12-12T20:24:39","date_gmt":"2021-12-12T19:24:39","guid":{"rendered":"https:\/\/agora.xtec.cat\/ceip-marinada-barcelona\/?p=4815"},"modified":"2022-01-28T18:17:17","modified_gmt":"2022-01-28T17:17:17","slug":"els-pops-al-mnac","status":"publish","type":"post","link":"https:\/\/agora.xtec.cat\/ceip-marinada-barcelona\/general\/els-pops-al-mnac\/","title":{"rendered":"Els pops al MNAC"},"content":{"rendered":"<p>Els POPS hem rebut\u00a0 una carta d\u2019en Jeroni, un joglar que viu al <strong>MNAC<\/strong>, per convidar-nos a visitar-lo al Museu i con\u00e8ixe\u2019l a ell i als seus amics. Ens ha enviat la seva can\u00e7\u00f3 i ens agrada molt. Voleu escoltar-la?<br \/>\n<a href=\"https:\/\/drive.google.com\/file\/d\/1dJY_4XWTv9-vCmtXyCTzfEVydXTcnaq9\/view?usp=sharing\">La can\u00e7\u00f3 d&#8217;en Jeroni<\/a><br \/>\nL\u2019activitat que hem dut a terme es diu \u201cSo i color\u201d i tracta d&#8217;introduir l\u2019<strong>art rom\u00e0nic<\/strong> als nostres infants.<br \/>\nQuan entrem al MNAC ens rep en <strong>JERONI<\/strong>, que ens saluda i, plegats, cantem la seva can\u00e7\u00f3.<br \/>\nMirem els <strong>SERAFINS: <\/strong>tenen 6 ales i moooolts ulls! Els amics del museu ens parlen amb els ulls. I nosaltres, en sabem de parlar amb els ulls? Fem la prova? Fem cara d\u2019enfadats? Fem cara de ai quin riure?<br \/>\nEns dibuixem uns ulls imaginaris a les mans per observar millor tot el que hi ha a les parets. \u00c9s divertit passejar pel museu amb les mans enlaire enfocant els murals! I ens ajuda a caminar amb calma i a centrar l\u2019atenci\u00f3! Passem per les sales i veiem les parets pintades. Fins que arribem al <strong>CRIST DE TA\u00dcLL<\/strong>, que ens mira des de dalt. Altre cop els ULLS! ens movem per la sala, davant, darrere, m\u00e9s lluny del crist, m\u00e9s a prop, a una banda i a una altra&#8230;Sempre ens mira!<br \/>\nLa sala del <strong>GRIU<\/strong>, un \u00e9sser fant\u00e0stic mig ocell, mig lle\u00f3, \u00e9s l&#8217;\u00faltima que visitem. L\u2019observem i, a partir dels animals que ens ha portat la guia-monitora, anem agafant les peces per crear un griu com el de la paret!<br \/>\nEn Jeroni s\u2019acomiada de nosaltres i sortim del Museu per acabar passant el dia en un petit parc proper al museu.<br \/>\n<span style=\"font-family: inherit; font-size: 1em;\">Hem gaudit taaaaant d\u2019aquesta sortida!<br \/>\n<iframe loading=\"lazy\" title=\"YouTube video player\" src=\"https:\/\/www.youtube.com\/embed\/zZTQuJDvHVA\" width=\"560\" height=\"315\" frameborder=\"0\" allowfullscreen=\"allowfullscreen\"><\/iframe><br \/>\n<\/span><\/p>\n","protected":false},"excerpt":{"rendered":"<p>Els POPS hem rebut\u00a0 una carta d\u2019en Jeroni, un joglar que viu al MNAC, per convidar-nos a visitar-lo al Museu i con\u00e8ixe\u2019l a ell i als seus amics. Ens ha enviat la seva can\u00e7\u00f3 i ens agrada molt. Voleu escoltar-la?<br \/>\n<a href=\"https:\/\/drive.google.com\/file\/d\/1dJY_4XWTv9-vCmtXyCTzfEVydXTcnaq9\/view?usp=sharing\">La can\u00e7\u00f3 d&#8217;en Jeroni<\/a><br \/>\nL\u2019activitat que&hellip;  <a href=\"https:\/\/agora.xtec.cat\/ceip-marinada-barcelona\/general\/els-pops-al-mnac\/\" title=\"Read Els pops al MNAC\">Llegeix m\u00e9s\u00bb<\/a><\/p>\n","protected":false},"author":1,"featured_media":4818,"comment_status":"open","ping_status":"closed","sticky":false,"template":"","format":"standard","meta":{"_bbp_topic_count":0,"_bbp_reply_count":0,"_bbp_total_topic_count":0,"_bbp_total_reply_count":0,"_bbp_voice_count":0,"_bbp_anonymous_reply_count":0,"_bbp_topic_count_hidden":0,"_bbp_reply_count_hidden":0,"_bbp_forum_subforum_count":0,"footnotes":""},"categories":[2,97,1,3,4],"tags":[],"class_list":["post-4815","post","type-post","status-publish","format-standard","has-post-thumbnail","hentry","category-infantil","category-els-pops","category-general","category-i3","category-portada"],"post_mailing_queue_ids":[],"_links":{"self":[{"href":"https:\/\/agora.xtec.cat\/ceip-marinada-barcelona\/wp-json\/wp\/v2\/posts\/4815","targetHints":{"allow":["GET"]}}],"collection":[{"href":"https:\/\/agora.xtec.cat\/ceip-marinada-barcelona\/wp-json\/wp\/v2\/posts"}],"about":[{"href":"https:\/\/agora.xtec.cat\/ceip-marinada-barcelona\/wp-json\/wp\/v2\/types\/post"}],"author":[{"embeddable":true,"href":"https:\/\/agora.xtec.cat\/ceip-marinada-barcelona\/wp-json\/wp\/v2\/users\/1"}],"replies":[{"embeddable":true,"href":"https:\/\/agora.xtec.cat\/ceip-marinada-barcelona\/wp-json\/wp\/v2\/comments?post=4815"}],"version-history":[{"count":3,"href":"https:\/\/agora.xtec.cat\/ceip-marinada-barcelona\/wp-json\/wp\/v2\/posts\/4815\/revisions"}],"predecessor-version":[{"id":4819,"href":"https:\/\/agora.xtec.cat\/ceip-marinada-barcelona\/wp-json\/wp\/v2\/posts\/4815\/revisions\/4819"}],"wp:featuredmedia":[{"embeddable":true,"href":"https:\/\/agora.xtec.cat\/ceip-marinada-barcelona\/wp-json\/wp\/v2\/media\/4818"}],"wp:attachment":[{"href":"https:\/\/agora.xtec.cat\/ceip-marinada-barcelona\/wp-json\/wp\/v2\/media?parent=4815"}],"wp:term":[{"taxonomy":"category","embeddable":true,"href":"https:\/\/agora.xtec.cat\/ceip-marinada-barcelona\/wp-json\/wp\/v2\/categories?post=4815"},{"taxonomy":"post_tag","embeddable":true,"href":"https:\/\/agora.xtec.cat\/ceip-marinada-barcelona\/wp-json\/wp\/v2\/tags?post=4815"}],"curies":[{"name":"wp","href":"https:\/\/api.w.org\/{rel}","templated":true}]}}