{"id":4803,"date":"2021-11-12T21:12:14","date_gmt":"2021-11-12T20:12:14","guid":{"rendered":"https:\/\/agora.xtec.cat\/ceip-marinada-barcelona\/?p=4803"},"modified":"2022-01-28T18:18:03","modified_gmt":"2022-01-28T17:18:03","slug":"p3-descobrim-lhort-de-lescola","status":"publish","type":"post","link":"https:\/\/agora.xtec.cat\/ceip-marinada-barcelona\/general\/p3-descobrim-lhort-de-lescola\/","title":{"rendered":"P3: Descobrim l&#8217;hort de l&#8217;escola"},"content":{"rendered":"<p>Aquesta tarda la classe de P3 hem anat a descobrir un espai de l\u2019escola que encara no coneixem: <strong>L\u2019HORT!<br \/>\n<\/strong>Hem vist els arbres i hem descobert algunes de les fruites: llimones, magranes\u2026<br \/>\nHem descobert un ba\u00fal on guardem totes les eines de l\u2019hort i tamb\u00e9 hem vist la m\u00e0nega per regar. Per\u00f2 podrem regar amb regadora nosaltres? i tant! La N\u00faria ens ha ensenyat les eines que necessitem avui: el punx\u00f3 i la pala.<br \/>\nHem vist que uns dels calaixos ser\u00e0 per nosaltres i avui, just avui anem a plantar enciams!<br \/>\nA partir d\u2019ara haurem de treure males, herbes, regar i cuidar perqu\u00e8 els enciams creixin b\u00e9.<br \/>\nCada setmana i vindrem a fer un cop d\u2019ull!<br \/>\n<iframe loading=\"lazy\" title=\"YouTube video player\" src=\"https:\/\/www.youtube.com\/embed\/XrBWK0lp7Tw\" width=\"560\" height=\"315\" frameborder=\"0\" allowfullscreen=\"allowfullscreen\"><\/iframe><\/p>\n","protected":false},"excerpt":{"rendered":"<p>Aquesta tarda la classe de P3 hem anat a descobrir un espai de l\u2019escola que encara no coneixem: L\u2019HORT!<br \/>\nHem vist els arbres i hem descobert algunes de les fruites: llimones, magranes\u2026<br \/>\nHem descobert un ba\u00fal on guardem totes les eines de l\u2019hort i tamb\u00e9 hem vist&hellip;  <a href=\"https:\/\/agora.xtec.cat\/ceip-marinada-barcelona\/general\/p3-descobrim-lhort-de-lescola\/\" title=\"Read P3: Descobrim l&#8217;hort de l&#8217;escola\">Llegeix m\u00e9s\u00bb<\/a><\/p>\n","protected":false},"author":1,"featured_media":4804,"comment_status":"open","ping_status":"closed","sticky":false,"template":"","format":"standard","meta":{"_bbp_topic_count":0,"_bbp_reply_count":0,"_bbp_total_topic_count":0,"_bbp_total_reply_count":0,"_bbp_voice_count":0,"_bbp_anonymous_reply_count":0,"_bbp_topic_count_hidden":0,"_bbp_reply_count_hidden":0,"_bbp_forum_subforum_count":0,"footnotes":""},"categories":[2,97,94,1,3,95,4],"tags":[],"class_list":["post-4803","post","type-post","status-publish","format-standard","has-post-thumbnail","hentry","category-infantil","category-els-pops","category-escoles-sostenibles","category-general","category-i3","category-menjadors-sans-i-sostenibles","category-portada"],"post_mailing_queue_ids":[],"_links":{"self":[{"href":"https:\/\/agora.xtec.cat\/ceip-marinada-barcelona\/wp-json\/wp\/v2\/posts\/4803","targetHints":{"allow":["GET"]}}],"collection":[{"href":"https:\/\/agora.xtec.cat\/ceip-marinada-barcelona\/wp-json\/wp\/v2\/posts"}],"about":[{"href":"https:\/\/agora.xtec.cat\/ceip-marinada-barcelona\/wp-json\/wp\/v2\/types\/post"}],"author":[{"embeddable":true,"href":"https:\/\/agora.xtec.cat\/ceip-marinada-barcelona\/wp-json\/wp\/v2\/users\/1"}],"replies":[{"embeddable":true,"href":"https:\/\/agora.xtec.cat\/ceip-marinada-barcelona\/wp-json\/wp\/v2\/comments?post=4803"}],"version-history":[{"count":1,"href":"https:\/\/agora.xtec.cat\/ceip-marinada-barcelona\/wp-json\/wp\/v2\/posts\/4803\/revisions"}],"predecessor-version":[{"id":4805,"href":"https:\/\/agora.xtec.cat\/ceip-marinada-barcelona\/wp-json\/wp\/v2\/posts\/4803\/revisions\/4805"}],"wp:featuredmedia":[{"embeddable":true,"href":"https:\/\/agora.xtec.cat\/ceip-marinada-barcelona\/wp-json\/wp\/v2\/media\/4804"}],"wp:attachment":[{"href":"https:\/\/agora.xtec.cat\/ceip-marinada-barcelona\/wp-json\/wp\/v2\/media?parent=4803"}],"wp:term":[{"taxonomy":"category","embeddable":true,"href":"https:\/\/agora.xtec.cat\/ceip-marinada-barcelona\/wp-json\/wp\/v2\/categories?post=4803"},{"taxonomy":"post_tag","embeddable":true,"href":"https:\/\/agora.xtec.cat\/ceip-marinada-barcelona\/wp-json\/wp\/v2\/tags?post=4803"}],"curies":[{"name":"wp","href":"https:\/\/api.w.org\/{rel}","templated":true}]}}