{"id":4801,"date":"2021-11-02T22:44:47","date_gmt":"2021-11-02T21:44:47","guid":{"rendered":"https:\/\/agora.xtec.cat\/ceip-marinada-barcelona\/?p=4801"},"modified":"2022-01-28T18:19:41","modified_gmt":"2022-01-28T17:19:41","slug":"p3-taller-de-reciclet","status":"publish","type":"post","link":"https:\/\/agora.xtec.cat\/ceip-marinada-barcelona\/general\/p3-taller-de-reciclet\/","title":{"rendered":"P3: Taller de Reciclet"},"content":{"rendered":"<p>Avui ha vingut el Guillem a la classe de P3 a explicar-nos el conte d\u2019un drac molt especial: en Reciclet! El drac s\u2019alimenta de les restes que nosaltres mengem, de les nostres deixalles. Per\u00f2 un dia comen\u00e7a a tenir mal de panxa i mal de panxa i mal de panxa\u2026 Sabeu per qu\u00e8? doncs perqu\u00e8 cada vegada generem m\u00e9s brossa i llencem m\u00e9s coses a les deixalles. Abans en Reciclet s\u2019ho menjava tot: restes de pa sec, ossos de pollastre, espines de peix, peles de pl\u00e0tan i de mandarines i taronges&#8230;per\u00f2 ara a les nostres escombraries tamb\u00e9 hi ha pots de vidre, bosses de pl\u00e0stic, llaunes de refrescos, piles, diaris, capses d\u2019ous, cordills de sabates, i una pila de coses que no s\u00f3n comestibles! Pobre Reciclet! No m\u2019estranya que tingui mal de panxa? I si l\u2019ajudem? Si separem els residus que generem potser tots hi sortirem guanyant, no ho creieu? A partir d\u2019ara nosaltres tamb\u00e9 ho farem a l\u2019aula.<br \/>\n<iframe loading=\"lazy\" title=\"YouTube video player\" src=\"https:\/\/www.youtube.com\/embed\/5_hcntWJbko\" width=\"560\" height=\"315\" frameborder=\"0\" allowfullscreen=\"allowfullscreen\"><\/iframe><\/p>\n","protected":false},"excerpt":{"rendered":"<p>Avui ha vingut el Guillem a la classe de P3 a explicar-nos el conte d\u2019un drac molt especial: en Reciclet! El drac s\u2019alimenta de les restes que nosaltres mengem, de les nostres deixalles. Per\u00f2 un dia comen\u00e7a a tenir mal de panxa i mal de&hellip;  <a href=\"https:\/\/agora.xtec.cat\/ceip-marinada-barcelona\/general\/p3-taller-de-reciclet\/\" title=\"Read P3: Taller de Reciclet\">Llegeix m\u00e9s\u00bb<\/a><\/p>\n","protected":false},"author":1,"featured_media":0,"comment_status":"open","ping_status":"closed","sticky":false,"template":"","format":"standard","meta":{"_bbp_topic_count":0,"_bbp_reply_count":0,"_bbp_total_topic_count":0,"_bbp_total_reply_count":0,"_bbp_voice_count":0,"_bbp_anonymous_reply_count":0,"_bbp_topic_count_hidden":0,"_bbp_reply_count_hidden":0,"_bbp_forum_subforum_count":0,"footnotes":""},"categories":[2,97,94,1,3,4],"tags":[],"class_list":["post-4801","post","type-post","status-publish","format-standard","hentry","category-infantil","category-els-pops","category-escoles-sostenibles","category-general","category-i3","category-portada"],"post_mailing_queue_ids":[],"_links":{"self":[{"href":"https:\/\/agora.xtec.cat\/ceip-marinada-barcelona\/wp-json\/wp\/v2\/posts\/4801","targetHints":{"allow":["GET"]}}],"collection":[{"href":"https:\/\/agora.xtec.cat\/ceip-marinada-barcelona\/wp-json\/wp\/v2\/posts"}],"about":[{"href":"https:\/\/agora.xtec.cat\/ceip-marinada-barcelona\/wp-json\/wp\/v2\/types\/post"}],"author":[{"embeddable":true,"href":"https:\/\/agora.xtec.cat\/ceip-marinada-barcelona\/wp-json\/wp\/v2\/users\/1"}],"replies":[{"embeddable":true,"href":"https:\/\/agora.xtec.cat\/ceip-marinada-barcelona\/wp-json\/wp\/v2\/comments?post=4801"}],"version-history":[{"count":1,"href":"https:\/\/agora.xtec.cat\/ceip-marinada-barcelona\/wp-json\/wp\/v2\/posts\/4801\/revisions"}],"predecessor-version":[{"id":4802,"href":"https:\/\/agora.xtec.cat\/ceip-marinada-barcelona\/wp-json\/wp\/v2\/posts\/4801\/revisions\/4802"}],"wp:attachment":[{"href":"https:\/\/agora.xtec.cat\/ceip-marinada-barcelona\/wp-json\/wp\/v2\/media?parent=4801"}],"wp:term":[{"taxonomy":"category","embeddable":true,"href":"https:\/\/agora.xtec.cat\/ceip-marinada-barcelona\/wp-json\/wp\/v2\/categories?post=4801"},{"taxonomy":"post_tag","embeddable":true,"href":"https:\/\/agora.xtec.cat\/ceip-marinada-barcelona\/wp-json\/wp\/v2\/tags?post=4801"}],"curies":[{"name":"wp","href":"https:\/\/api.w.org\/{rel}","templated":true}]}}