{"id":4669,"date":"2021-11-24T13:03:40","date_gmt":"2021-11-24T12:03:40","guid":{"rendered":"https:\/\/agora.xtec.cat\/ceip-marinada-barcelona\/?p=4669"},"modified":"2021-11-24T13:08:39","modified_gmt":"2021-11-24T12:08:39","slug":"menjador-escolar-sa-sostenible","status":"publish","type":"post","link":"https:\/\/agora.xtec.cat\/ceip-marinada-barcelona\/general\/menjador-escolar-sa-sostenible\/","title":{"rendered":"Menjadors escolars +sans +sostenibles"},"content":{"rendered":"<p>La nostra escola \u00e9s una de les 36 escoles i instituts que ja ofereixen men\u00fas m\u00e9s sans i sostenibles amb m\u00e9s prote\u00efna vegetal.<br \/>\n<a href=\"https:\/\/www.aspb.cat\/noticies\/36-escoles-ofereixen-menus-mes-sans-sostenibles-proteina-vegetal?utm_source=Difusi%C3%B3_+General&amp;utm_campaign=88a150589a-covid-19-03_COPY_01&amp;utm_medium=email&amp;utm_term=0_06d32de8e6-88a150589a-130878529\" data-wp-editing=\"1\"><img loading=\"lazy\" decoding=\"async\" class=\"alignnone wp-image-4466\" src=\"https:\/\/agora.xtec.cat\/ceip-marinada-barcelona\/wp-content\/uploads\/usu1756\/2021\/09\/clic.png\" alt=\"\" width=\"32\" height=\"35\" \/> Llegiu aqu\u00ed la not\u00edcia.<\/a><\/p>\n<h6 class=\"titulo_pagina\" data-wp-editing=\"1\"><a href=\"https:\/\/www.aspb.cat\/documents\/menjadors-escolars-sans-sostenibles\/\" target=\"_blank\" rel=\"noopener\" data-wp-editing=\"1\"><img loading=\"lazy\" decoding=\"async\" class=\"alignnone wp-image-4466\" src=\"https:\/\/agora.xtec.cat\/ceip-marinada-barcelona\/wp-content\/uploads\/usu1756\/2021\/09\/clic.png\" alt=\"\" width=\"32\" height=\"35\" \/><\/a><a href=\"https:\/\/www.aspb.cat\/documents\/menjadors-escolars-sans-sostenibles\/\" target=\"_blank\" rel=\"noopener\">Informaci\u00f3 sobre el projecte.<\/a><\/h6>\n<p><iframe loading=\"lazy\" title=\"YouTube video player\" src=\"https:\/\/www.youtube.com\/embed\/6pHrD7D0_AM\" width=\"560\" height=\"315\" frameborder=\"0\" allowfullscreen=\"allowfullscreen\"><\/iframe><\/p>\n","protected":false},"excerpt":{"rendered":"<p>La nostra escola \u00e9s una de les 36 escoles i instituts que ja ofereixen men\u00fas m\u00e9s sans i sostenibles amb m\u00e9s prote\u00efna vegetal.<br \/>\n<a href=\"https:\/\/www.aspb.cat\/noticies\/36-escoles-ofereixen-menus-mes-sans-sostenibles-proteina-vegetal?utm_source=Difusi%C3%B3_+General&amp;utm_campaign=88a150589a-covid-19-03_COPY_01&amp;utm_medium=email&amp;utm_term=0_06d32de8e6-88a150589a-130878529\" data-wp-editing=\"1\"> Llegiu aqu\u00ed la not\u00edcia.<\/a><br \/>\n<a href=\"https:\/\/www.aspb.cat\/documents\/menjadors-escolars-sans-sostenibles\/\" target=\"_blank\" rel=\"noopener\" data-wp-editing=\"1\"><\/a><a href=\"https:\/\/www.aspb.cat\/documents\/menjadors-escolars-sans-sostenibles\/\" target=\"_blank\" rel=\"noopener\">Informaci\u00f3 sobre el projecte.<\/a><\/p>\n","protected":false},"author":1,"featured_media":0,"comment_status":"open","ping_status":"closed","sticky":false,"template":"","format":"standard","meta":{"_bbp_topic_count":0,"_bbp_reply_count":0,"_bbp_total_topic_count":0,"_bbp_total_reply_count":0,"_bbp_voice_count":0,"_bbp_anonymous_reply_count":0,"_bbp_topic_count_hidden":0,"_bbp_reply_count_hidden":0,"_bbp_forum_subforum_count":0,"footnotes":""},"categories":[2,1,4,5],"tags":[],"class_list":["post-4669","post","type-post","status-publish","format-standard","hentry","category-infantil","category-general","category-portada","category-primaria"],"post_mailing_queue_ids":[],"_links":{"self":[{"href":"https:\/\/agora.xtec.cat\/ceip-marinada-barcelona\/wp-json\/wp\/v2\/posts\/4669","targetHints":{"allow":["GET"]}}],"collection":[{"href":"https:\/\/agora.xtec.cat\/ceip-marinada-barcelona\/wp-json\/wp\/v2\/posts"}],"about":[{"href":"https:\/\/agora.xtec.cat\/ceip-marinada-barcelona\/wp-json\/wp\/v2\/types\/post"}],"author":[{"embeddable":true,"href":"https:\/\/agora.xtec.cat\/ceip-marinada-barcelona\/wp-json\/wp\/v2\/users\/1"}],"replies":[{"embeddable":true,"href":"https:\/\/agora.xtec.cat\/ceip-marinada-barcelona\/wp-json\/wp\/v2\/comments?post=4669"}],"version-history":[{"count":3,"href":"https:\/\/agora.xtec.cat\/ceip-marinada-barcelona\/wp-json\/wp\/v2\/posts\/4669\/revisions"}],"predecessor-version":[{"id":4674,"href":"https:\/\/agora.xtec.cat\/ceip-marinada-barcelona\/wp-json\/wp\/v2\/posts\/4669\/revisions\/4674"}],"wp:attachment":[{"href":"https:\/\/agora.xtec.cat\/ceip-marinada-barcelona\/wp-json\/wp\/v2\/media?parent=4669"}],"wp:term":[{"taxonomy":"category","embeddable":true,"href":"https:\/\/agora.xtec.cat\/ceip-marinada-barcelona\/wp-json\/wp\/v2\/categories?post=4669"},{"taxonomy":"post_tag","embeddable":true,"href":"https:\/\/agora.xtec.cat\/ceip-marinada-barcelona\/wp-json\/wp\/v2\/tags?post=4669"}],"curies":[{"name":"wp","href":"https:\/\/api.w.org\/{rel}","templated":true}]}}