{"id":4396,"date":"2021-05-31T20:44:51","date_gmt":"2021-05-31T18:44:51","guid":{"rendered":"http:\/\/agora.xtec.cat\/ceip-marinada-barcelona\/?p=4396"},"modified":"2021-06-06T11:47:27","modified_gmt":"2021-06-06T09:47:27","slug":"els-cocodrils-hem-trobat-el-joc-perdut","status":"publish","type":"post","link":"https:\/\/agora.xtec.cat\/ceip-marinada-barcelona\/general\/els-cocodrils-hem-trobat-el-joc-perdut\/","title":{"rendered":"Els cocodrils hem trobat el Joc Perdut"},"content":{"rendered":"<p>Despr\u00e9s de moltes setmanes aprenent amb molta il\u00b7lusi\u00f3, a la classe de M\u00fasica i Psicomotrocitat, les danses i jocs del &#8220;bugui-bugui&#8221;, &#8220;passa el fil&#8221;, &#8220;la Cucafera&#8221;, &#8220;si tu et vols divertir&#8221; i d&#8217;altres, per fi, va arribar el gran dia de buscar el Joc Perdut.<br \/>\nTen\u00edem moltes ganes que arrib\u00e9s, per anar a la pla\u00e7a Major de Nou Barris i jugar i cantar amb la resta de nens i nenes d&#8217;altres escoles, i tot i no poder barrejar-nos i haver de guardar dist\u00e0ncies, vam gaudir molt\u00edssim.<\/p>\n<p><iframe loading=\"lazy\" src=\"https:\/\/www.youtube.com\/embed\/wqR9-BYgM_k\" width=\"560\" height=\"315\" frameborder=\"0\"><\/iframe><\/p>\n","protected":false},"excerpt":{"rendered":"<p>Despr\u00e9s de moltes setmanes aprenent amb molta il\u00b7lusi\u00f3, a la classe de M\u00fasica i Psicomotrocitat, les danses i jocs del &#8220;bugui-bugui&#8221;, &#8220;passa el fil&#8221;, &#8220;la Cucafera&#8221;, &#8220;si tu et vols divertir&#8221; i d&#8217;altres, per fi, va arribar el gran dia de buscar el Joc Perdut.<br \/>\nTen\u00edem&hellip;  <a href=\"https:\/\/agora.xtec.cat\/ceip-marinada-barcelona\/general\/els-cocodrils-hem-trobat-el-joc-perdut\/\" title=\"Read Els cocodrils hem trobat el Joc Perdut\">Llegeix m\u00e9s\u00bb<\/a><\/p>\n","protected":false},"author":1,"featured_media":4397,"comment_status":"open","ping_status":"closed","sticky":false,"template":"","format":"standard","meta":{"_bbp_topic_count":0,"_bbp_reply_count":0,"_bbp_total_topic_count":0,"_bbp_total_reply_count":0,"_bbp_voice_count":0,"_bbp_anonymous_reply_count":0,"_bbp_topic_count_hidden":0,"_bbp_reply_count_hidden":0,"_bbp_forum_subforum_count":0,"footnotes":""},"categories":[2,1,8,9,4],"tags":[],"class_list":["post-4396","post","type-post","status-publish","format-standard","has-post-thumbnail","hentry","category-infantil","category-general","category-i4","category-i5","category-portada"],"post_mailing_queue_ids":[],"_links":{"self":[{"href":"https:\/\/agora.xtec.cat\/ceip-marinada-barcelona\/wp-json\/wp\/v2\/posts\/4396","targetHints":{"allow":["GET"]}}],"collection":[{"href":"https:\/\/agora.xtec.cat\/ceip-marinada-barcelona\/wp-json\/wp\/v2\/posts"}],"about":[{"href":"https:\/\/agora.xtec.cat\/ceip-marinada-barcelona\/wp-json\/wp\/v2\/types\/post"}],"author":[{"embeddable":true,"href":"https:\/\/agora.xtec.cat\/ceip-marinada-barcelona\/wp-json\/wp\/v2\/users\/1"}],"replies":[{"embeddable":true,"href":"https:\/\/agora.xtec.cat\/ceip-marinada-barcelona\/wp-json\/wp\/v2\/comments?post=4396"}],"version-history":[{"count":1,"href":"https:\/\/agora.xtec.cat\/ceip-marinada-barcelona\/wp-json\/wp\/v2\/posts\/4396\/revisions"}],"predecessor-version":[{"id":4398,"href":"https:\/\/agora.xtec.cat\/ceip-marinada-barcelona\/wp-json\/wp\/v2\/posts\/4396\/revisions\/4398"}],"wp:featuredmedia":[{"embeddable":true,"href":"https:\/\/agora.xtec.cat\/ceip-marinada-barcelona\/wp-json\/wp\/v2\/media\/4397"}],"wp:attachment":[{"href":"https:\/\/agora.xtec.cat\/ceip-marinada-barcelona\/wp-json\/wp\/v2\/media?parent=4396"}],"wp:term":[{"taxonomy":"category","embeddable":true,"href":"https:\/\/agora.xtec.cat\/ceip-marinada-barcelona\/wp-json\/wp\/v2\/categories?post=4396"},{"taxonomy":"post_tag","embeddable":true,"href":"https:\/\/agora.xtec.cat\/ceip-marinada-barcelona\/wp-json\/wp\/v2\/tags?post=4396"}],"curies":[{"name":"wp","href":"https:\/\/api.w.org\/{rel}","templated":true}]}}