{"id":4393,"date":"2021-05-31T11:24:16","date_gmt":"2021-05-31T09:24:16","guid":{"rendered":"http:\/\/agora.xtec.cat\/ceip-marinada-barcelona\/?p=4393"},"modified":"2021-06-06T11:27:07","modified_gmt":"2021-06-06T09:27:07","slug":"els-cocodrils-visitem-can-pou","status":"publish","type":"post","link":"https:\/\/agora.xtec.cat\/ceip-marinada-barcelona\/infantil\/els-cocodrils-visitem-can-pou\/","title":{"rendered":"Els cocodrils visitem Can Pou"},"content":{"rendered":"<p><span style=\"font-weight: 400;\">Els cocodrils ja port\u00e0vem temps mirant el calendari i comptant els dies que faltaven per anar a Can Pou, i \u00e9s que est\u00e0vem ansiosos per pujar a l&#8217;autocar i passar el dia a la muntanya.<br \/>\n<\/span><span style=\"font-weight: 400;\">En arribar, ens va rebre el Marc, el nostre monitor, i vam anar a esmorzar per agafar forces per a la ruta que ens havia preparat.<br \/>\n<\/span><span style=\"font-weight: 400;\">Passejant pel bosc, vam creuar un riu, vam gaudir de la primavera, mirant i olorant molts tipus de flors, vam poder entrar en unes cabanes, i fins i tot vam trobar un tresor.<br \/>\n<\/span><span style=\"font-weight: 400;\">Despr\u00e9s de dinar, vam anar a veure les cabres, ovelles, cavalls, conills, gallines, oques&#8230;que viuen all\u00e0 i seguint les directrius del Marc, els vam poder donar menjar. A alguns ens va fer una mica de por, per\u00f2 vam gaudir molt.<br \/>\n<\/span><span style=\"font-weight: 400;\">Va ser una experi\u00e8ncia i un dia magn\u00edfic!<br \/>\n<iframe loading=\"lazy\" src=\"https:\/\/www.youtube.com\/embed\/ZVg7KJbEV5E\" width=\"560\" height=\"315\" frameborder=\"0\"><\/iframe><\/span><\/p>\n","protected":false},"excerpt":{"rendered":"<p>Els cocodrils ja port\u00e0vem temps mirant el calendari i comptant els dies que faltaven per anar a Can Pou, i \u00e9s que est\u00e0vem ansiosos per pujar a l&#8217;autocar i passar el dia a la muntanya.<br \/>\nEn arribar, ens va rebre el Marc, el nostre monitor, i&hellip;  <a href=\"https:\/\/agora.xtec.cat\/ceip-marinada-barcelona\/infantil\/els-cocodrils-visitem-can-pou\/\" title=\"Read Els cocodrils visitem Can Pou\">Llegeix m\u00e9s\u00bb<\/a><\/p>\n","protected":false},"author":1,"featured_media":4394,"comment_status":"open","ping_status":"closed","sticky":false,"template":"","format":"standard","meta":{"_bbp_topic_count":0,"_bbp_reply_count":0,"_bbp_total_topic_count":0,"_bbp_total_reply_count":0,"_bbp_voice_count":0,"_bbp_anonymous_reply_count":0,"_bbp_topic_count_hidden":0,"_bbp_reply_count_hidden":0,"_bbp_forum_subforum_count":0,"footnotes":""},"categories":[2,8,9,4,5],"tags":[],"class_list":["post-4393","post","type-post","status-publish","format-standard","has-post-thumbnail","hentry","category-infantil","category-i4","category-i5","category-portada","category-primaria"],"post_mailing_queue_ids":[],"_links":{"self":[{"href":"https:\/\/agora.xtec.cat\/ceip-marinada-barcelona\/wp-json\/wp\/v2\/posts\/4393","targetHints":{"allow":["GET"]}}],"collection":[{"href":"https:\/\/agora.xtec.cat\/ceip-marinada-barcelona\/wp-json\/wp\/v2\/posts"}],"about":[{"href":"https:\/\/agora.xtec.cat\/ceip-marinada-barcelona\/wp-json\/wp\/v2\/types\/post"}],"author":[{"embeddable":true,"href":"https:\/\/agora.xtec.cat\/ceip-marinada-barcelona\/wp-json\/wp\/v2\/users\/1"}],"replies":[{"embeddable":true,"href":"https:\/\/agora.xtec.cat\/ceip-marinada-barcelona\/wp-json\/wp\/v2\/comments?post=4393"}],"version-history":[{"count":1,"href":"https:\/\/agora.xtec.cat\/ceip-marinada-barcelona\/wp-json\/wp\/v2\/posts\/4393\/revisions"}],"predecessor-version":[{"id":4395,"href":"https:\/\/agora.xtec.cat\/ceip-marinada-barcelona\/wp-json\/wp\/v2\/posts\/4393\/revisions\/4395"}],"wp:featuredmedia":[{"embeddable":true,"href":"https:\/\/agora.xtec.cat\/ceip-marinada-barcelona\/wp-json\/wp\/v2\/media\/4394"}],"wp:attachment":[{"href":"https:\/\/agora.xtec.cat\/ceip-marinada-barcelona\/wp-json\/wp\/v2\/media?parent=4393"}],"wp:term":[{"taxonomy":"category","embeddable":true,"href":"https:\/\/agora.xtec.cat\/ceip-marinada-barcelona\/wp-json\/wp\/v2\/categories?post=4393"},{"taxonomy":"post_tag","embeddable":true,"href":"https:\/\/agora.xtec.cat\/ceip-marinada-barcelona\/wp-json\/wp\/v2\/tags?post=4393"}],"curies":[{"name":"wp","href":"https:\/\/api.w.org\/{rel}","templated":true}]}}