{"id":4307,"date":"2021-05-26T17:36:30","date_gmt":"2021-05-26T15:36:30","guid":{"rendered":"http:\/\/agora.xtec.cat\/ceip-marinada-barcelona\/?p=4307"},"modified":"2021-06-28T16:40:56","modified_gmt":"2021-06-28T14:40:56","slug":"ajuts-menjador-21-22","status":"publish","type":"post","link":"https:\/\/agora.xtec.cat\/ceip-marinada-barcelona\/general\/ajuts-menjador-21-22\/","title":{"rendered":"AJUTS MENJADOR 21\/22"},"content":{"rendered":"<p>Els terminis de presentaci\u00f3 de sol\u00b7licituds s\u00f3n:\u00b7<br \/>\n<strong>Del 27 de maig al 18 de juny<\/strong> (fins el 23 de juny per portar les sol\u00b7licituds signades a l\u2019escola amb la documentaci\u00f3 si ho requereix).<\/p>\n<p><strong>Del 6 al 17 de setembre<\/strong> (fins el 22 de setembre per portar les sol\u00b7licituds signades a l\u2019escola amb la documentaci\u00f3 si ho requereix).<\/p>\n<p>La presentaci\u00f3 de sol\u00b7licituds es far\u00e0 per via telem\u00e0tica a trav\u00e9s de la p\u00e0gina web del Consorci:\u00a0<a href=\"http:\/\/www.edubcn.cat\/\" data-saferedirecturl=\"https:\/\/www.google.com\/url?q=http:\/\/www.edubcn.cat&amp;source=gmail&amp;ust=1622128722403000&amp;usg=AFQjCNHuyr2rac2Ju_e7oQA9OYmC941Ncg\">www.edubcn.cat<\/a>.\u00a0 Aqu\u00ed tamb\u00e9 trobareu les instruccions de com emplenar la sol\u00b7licitud.<\/p>\n<p>Les fam\u00edlies que aquest curs us heu beneficiat d\u2019ajut de menjador, rebreu un <strong>SMS<\/strong> amb el n\u00famero <strong>d\u2019IDALU<\/strong> que ser\u00e0 obligatori a la sol\u00b7licitud de l\u2019ajut.<\/p>\n<p>Un cop, la fam\u00edlia hagi finalitzat l\u2019emplenament de la sol\u00b7licitud, rebr\u00e0 un codi de petici\u00f3 al correu electr\u00f2nic (e-mail) que hagin informat, que servir\u00e0 per modificar la petici\u00f3 o b\u00e9, si es que no ho ha fet abans, imprimir-la.<\/p>\n<p>Per poder tramitar l\u2019ajut \u00e9s indispensable que <strong>la sol\u00b7licitud estigui signada per tots els<\/strong><strong> membres computables majors d\u2019edat<\/strong> i presentar-la a l\u2019escola signada <strong>amb cita pr\u00e8via<\/strong>.<\/p>\n<p><strong>NO<\/strong> \u00e9s necessari aportar carnets de fam\u00edlia nombrosa\/monoparental ni discapacitats si \u00e9s el cas.<\/p>\n<p><strong>NOM\u00c9S<\/strong> hauran d\u2019adjuntar documentaci\u00f3 les fam\u00edlies que:<\/p>\n<ul>\n<li>Tinguin Infants en acolliment (Resoluci\u00f3)\u00b7<\/li>\n<li>Fam\u00edlies ateses per Serveis Socials fora de Barcelona\u00b7<\/li>\n<li>Treballadors\/res de la llar (Certificat de cotitzacions any 2020)<\/li>\n<\/ul>\n<p>Les dades econ\u00f2miques que es consultaran s\u00f3n les del 2020.<\/p>\n<p><strong>NO<\/strong>\u00a0<strong>s\u2019admetran<\/strong><strong> declaracions jurades per justificar els ingressos anuals del 2020.<\/strong><\/p>\n<p><strong>SUPORT A LES FAM\u00cdLIES<\/strong><strong> QUE TINGUIN DIFICULTATS AMB CITA PR\u00c8VIA:<\/strong><\/p>\n<p><strong>Seu del Consorci<\/strong><strong> Educaci\u00f3 Barcelona (C\/ Roger de Ll\u00faria, 3)<\/strong><\/p>\n<p><strong>OME Nou Barris (C\/ Nil,<\/strong><strong> 27 baixos)<\/strong><\/p>\n<p><strong>OME Ciutat Vella<\/strong><strong> (Placeta del Pi, 2)<\/strong><\/p>\n<p><strong>OME Sant Andreu (C\/ Sant Adri\u00e0, 20)<\/strong><\/p>\n<p>&nbsp;<\/p>\n","protected":false},"excerpt":{"rendered":"<p>Els terminis de presentaci\u00f3 de sol\u00b7licituds s\u00f3n:\u00b7<br \/>\nDel 27 de maig al 18 de juny (fins el 23 de juny per portar les sol\u00b7licituds signades a l\u2019escola amb la documentaci\u00f3 si ho requereix).<br \/>\nDel 6 al 17 de setembre (fins el 22 de setembre per portar les&hellip;  <a href=\"https:\/\/agora.xtec.cat\/ceip-marinada-barcelona\/general\/ajuts-menjador-21-22\/\" title=\"Read AJUTS MENJADOR 21\/22\">Llegeix m\u00e9s\u00bb<\/a><\/p>\n","protected":false},"author":1,"featured_media":0,"comment_status":"open","ping_status":"closed","sticky":false,"template":"","format":"standard","meta":{"_bbp_topic_count":0,"_bbp_reply_count":0,"_bbp_total_topic_count":0,"_bbp_total_reply_count":0,"_bbp_voice_count":0,"_bbp_anonymous_reply_count":0,"_bbp_topic_count_hidden":0,"_bbp_reply_count_hidden":0,"_bbp_forum_subforum_count":0,"footnotes":""},"categories":[1,4],"tags":[],"class_list":["post-4307","post","type-post","status-publish","format-standard","hentry","category-general","category-portada"],"post_mailing_queue_ids":[],"_links":{"self":[{"href":"https:\/\/agora.xtec.cat\/ceip-marinada-barcelona\/wp-json\/wp\/v2\/posts\/4307","targetHints":{"allow":["GET"]}}],"collection":[{"href":"https:\/\/agora.xtec.cat\/ceip-marinada-barcelona\/wp-json\/wp\/v2\/posts"}],"about":[{"href":"https:\/\/agora.xtec.cat\/ceip-marinada-barcelona\/wp-json\/wp\/v2\/types\/post"}],"author":[{"embeddable":true,"href":"https:\/\/agora.xtec.cat\/ceip-marinada-barcelona\/wp-json\/wp\/v2\/users\/1"}],"replies":[{"embeddable":true,"href":"https:\/\/agora.xtec.cat\/ceip-marinada-barcelona\/wp-json\/wp\/v2\/comments?post=4307"}],"version-history":[{"count":3,"href":"https:\/\/agora.xtec.cat\/ceip-marinada-barcelona\/wp-json\/wp\/v2\/posts\/4307\/revisions"}],"predecessor-version":[{"id":4327,"href":"https:\/\/agora.xtec.cat\/ceip-marinada-barcelona\/wp-json\/wp\/v2\/posts\/4307\/revisions\/4327"}],"wp:attachment":[{"href":"https:\/\/agora.xtec.cat\/ceip-marinada-barcelona\/wp-json\/wp\/v2\/media?parent=4307"}],"wp:term":[{"taxonomy":"category","embeddable":true,"href":"https:\/\/agora.xtec.cat\/ceip-marinada-barcelona\/wp-json\/wp\/v2\/categories?post=4307"},{"taxonomy":"post_tag","embeddable":true,"href":"https:\/\/agora.xtec.cat\/ceip-marinada-barcelona\/wp-json\/wp\/v2\/tags?post=4307"}],"curies":[{"name":"wp","href":"https:\/\/api.w.org\/{rel}","templated":true}]}}