{"id":4228,"date":"2021-04-25T13:05:48","date_gmt":"2021-04-25T11:05:48","guid":{"rendered":"http:\/\/agora.xtec.cat\/ceip-marinada-barcelona\/?p=4228"},"modified":"2021-04-25T13:09:28","modified_gmt":"2021-04-25T11:09:28","slug":"dansa-ara-2021","status":"publish","type":"post","link":"https:\/\/agora.xtec.cat\/ceip-marinada-barcelona\/general\/dansa-ara-2021\/","title":{"rendered":"Dansa Ara 2021"},"content":{"rendered":"<p>El dimarts 20 d\u00b4abril, els nens i les nenes de 2nA i 1rB i 2nB vam participar al Dansa Ara a l\u00b4Estadi Olimpic Llu\u00eds Companys de Barcelona. All\u00e0 vam gaudir de la festa amb moltes altres escoles de Barcelona.<br \/>\nEns ho vam passar molt b\u00e9 tots ballant les danses que hav\u00edem estat preparant intensament durant setmanes a l\u00b4escola.<br \/>\nMireu que b\u00e9 ens ho passem!!<br \/>\n<iframe loading=\"lazy\" src=\"https:\/\/www.youtube.com\/embed\/A6aBM7jClVk\" width=\"560\" height=\"315\" frameborder=\"0\"><\/iframe><br \/>\nAqu\u00ed podeu visualitzar el v\u00eddeo de la retransmissi\u00f3 completa a partir del minut 27. La nostra escola porta samarretes taronges i estem situats al centre de l&#8217;estadi.<br \/>\n<iframe loading=\"lazy\" src=\"https:\/\/www.youtube.com\/embed\/Wpj5fb46ydE\" width=\"560\" height=\"315\" frameborder=\"0\"><\/iframe><\/p>\n","protected":false},"excerpt":{"rendered":"<p>El dimarts 20 d\u00b4abril, els nens i les nenes de 2nA i 1rB i 2nB vam participar al Dansa Ara a l\u00b4Estadi Olimpic Llu\u00eds Companys de Barcelona. All\u00e0 vam gaudir de la festa amb moltes altres escoles de Barcelona.<br \/>\nEns ho vam passar molt b\u00e9 tots&hellip;  <a href=\"https:\/\/agora.xtec.cat\/ceip-marinada-barcelona\/general\/dansa-ara-2021\/\" title=\"Read Dansa Ara 2021\">Llegeix m\u00e9s\u00bb<\/a><\/p>\n","protected":false},"author":1,"featured_media":4229,"comment_status":"open","ping_status":"closed","sticky":false,"template":"","format":"standard","meta":{"_bbp_topic_count":0,"_bbp_reply_count":0,"_bbp_total_topic_count":0,"_bbp_total_reply_count":0,"_bbp_voice_count":0,"_bbp_anonymous_reply_count":0,"_bbp_topic_count_hidden":0,"_bbp_reply_count_hidden":0,"_bbp_forum_subforum_count":0,"footnotes":""},"categories":[10,11,88,1,4,5],"tags":[],"class_list":["post-4228","post","type-post","status-publish","format-standard","has-post-thumbnail","hentry","category-1r","category-2n","category-inicial","category-general","category-portada","category-primaria"],"post_mailing_queue_ids":[],"_links":{"self":[{"href":"https:\/\/agora.xtec.cat\/ceip-marinada-barcelona\/wp-json\/wp\/v2\/posts\/4228","targetHints":{"allow":["GET"]}}],"collection":[{"href":"https:\/\/agora.xtec.cat\/ceip-marinada-barcelona\/wp-json\/wp\/v2\/posts"}],"about":[{"href":"https:\/\/agora.xtec.cat\/ceip-marinada-barcelona\/wp-json\/wp\/v2\/types\/post"}],"author":[{"embeddable":true,"href":"https:\/\/agora.xtec.cat\/ceip-marinada-barcelona\/wp-json\/wp\/v2\/users\/1"}],"replies":[{"embeddable":true,"href":"https:\/\/agora.xtec.cat\/ceip-marinada-barcelona\/wp-json\/wp\/v2\/comments?post=4228"}],"version-history":[{"count":3,"href":"https:\/\/agora.xtec.cat\/ceip-marinada-barcelona\/wp-json\/wp\/v2\/posts\/4228\/revisions"}],"predecessor-version":[{"id":4232,"href":"https:\/\/agora.xtec.cat\/ceip-marinada-barcelona\/wp-json\/wp\/v2\/posts\/4228\/revisions\/4232"}],"wp:featuredmedia":[{"embeddable":true,"href":"https:\/\/agora.xtec.cat\/ceip-marinada-barcelona\/wp-json\/wp\/v2\/media\/4229"}],"wp:attachment":[{"href":"https:\/\/agora.xtec.cat\/ceip-marinada-barcelona\/wp-json\/wp\/v2\/media?parent=4228"}],"wp:term":[{"taxonomy":"category","embeddable":true,"href":"https:\/\/agora.xtec.cat\/ceip-marinada-barcelona\/wp-json\/wp\/v2\/categories?post=4228"},{"taxonomy":"post_tag","embeddable":true,"href":"https:\/\/agora.xtec.cat\/ceip-marinada-barcelona\/wp-json\/wp\/v2\/tags?post=4228"}],"curies":[{"name":"wp","href":"https:\/\/api.w.org\/{rel}","templated":true}]}}