{"id":3983,"date":"2021-02-19T18:00:16","date_gmt":"2021-02-19T17:00:16","guid":{"rendered":"http:\/\/agora.xtec.cat\/ceip-marinada-barcelona\/?p=3983"},"modified":"2021-02-19T18:14:47","modified_gmt":"2021-02-19T17:14:47","slug":"p3-b-la-classe-dels-cargols","status":"publish","type":"post","link":"https:\/\/agora.xtec.cat\/ceip-marinada-barcelona\/infantil\/p3-b-la-classe-dels-cargols\/","title":{"rendered":"Projecte: Nom de la classe de P3 B"},"content":{"rendered":"<p>El conte del \u201cPeix Peixet\u201d ens ha ajudat a triar el nom de la classe. Ha estat una tasca dif\u00edcil, per\u00f2 finalment ha sortit un guanyador!Les votacions van quedar aix\u00ed:<a href=\"https:\/\/agora.xtec.cat\/ceip-marinada-barcelona\/wp-content\/uploads\/usu1756\/2021\/02\/Archivo_000.jpeg\"><img loading=\"lazy\" decoding=\"async\" class=\"wp-image-3987 aligncenter\" src=\"https:\/\/agora.xtec.cat\/ceip-marinada-barcelona\/wp-content\/uploads\/usu1756\/2021\/02\/Archivo_000-1024x275.jpeg\" alt=\"\" width=\"785\" height=\"210\" srcset=\"https:\/\/agora.xtec.cat\/ceip-marinada-barcelona\/wp-content\/uploads\/usu1756\/2021\/02\/Archivo_000-1024x275.jpeg 1024w, https:\/\/agora.xtec.cat\/ceip-marinada-barcelona\/wp-content\/uploads\/usu1756\/2021\/02\/Archivo_000-300x80.jpeg 300w, https:\/\/agora.xtec.cat\/ceip-marinada-barcelona\/wp-content\/uploads\/usu1756\/2021\/02\/Archivo_000-768x206.jpeg 768w\" sizes=\"auto, (max-width: 785px) 100vw, 785px\" \/><\/a><\/p>\n<p>Primera votaci\u00f3.<br \/>\n<a href=\"https:\/\/agora.xtec.cat\/ceip-marinada-barcelona\/wp-content\/uploads\/usu1756\/2021\/02\/Archivo_001.jpeg\"><img loading=\"lazy\" decoding=\"async\" class=\"wp-image-3988 aligncenter\" src=\"https:\/\/agora.xtec.cat\/ceip-marinada-barcelona\/wp-content\/uploads\/usu1756\/2021\/02\/Archivo_001-1024x532.jpeg\" alt=\"\" width=\"683\" height=\"356\" srcset=\"https:\/\/agora.xtec.cat\/ceip-marinada-barcelona\/wp-content\/uploads\/usu1756\/2021\/02\/Archivo_001-1024x532.jpeg 1024w, https:\/\/agora.xtec.cat\/ceip-marinada-barcelona\/wp-content\/uploads\/usu1756\/2021\/02\/Archivo_001-300x156.jpeg 300w, https:\/\/agora.xtec.cat\/ceip-marinada-barcelona\/wp-content\/uploads\/usu1756\/2021\/02\/Archivo_001-768x399.jpeg 768w, https:\/\/agora.xtec.cat\/ceip-marinada-barcelona\/wp-content\/uploads\/usu1756\/2021\/02\/Archivo_001.jpeg 1800w\" sizes=\"auto, (max-width: 683px) 100vw, 683px\" \/><\/a><\/p>\n<p>Un cop triat el nom, els hi pregunto: &#8220;Qu\u00e8 s\u00f3n els cargols?, Qu\u00e8 em podeu explicar?, Sabeu que mengen o com neixen?&#8221;<br \/>\n\u201cSom nosaltres\u201d, \u201cNo, jo s\u00f3c jo, no un cargol\u201d<br \/>\n\u201cS\u00f3n unes criatures i tenen una casa seva al damunt\u201d<br \/>\n\u201cSolament es poden veure al bosc\u201d \u201cNo! Jo una vegada els vaig veure en una fulla\u201d<br \/>\n\u201cSe&#8217;n van d\u2019un lloc a l\u2019altre, molt lent\u201d<br \/>\n\u201cMengen fruita\u201d \u201cJo crec que fruita i m\u00e9s coses&#8230;herba, cucs\u201d \u201cPotser tamb\u00e9 mengen creps, o pell de dinosaure, o pedres&#8230;&#8221;<br \/>\n\u201dJo s\u00e9 que caminen per la terra\u201d<br \/>\n\u201cCrec que neixen saltant\u201d<br \/>\nI aix\u00ed \u00e9s com vam crear un petit espai a l\u2019aula per con\u00e8ixer m\u00e9s informaci\u00f3 del que ja era, el nom de la nostra classe.<br \/>\n<a href=\"https:\/\/agora.xtec.cat\/ceip-marinada-barcelona\/wp-content\/uploads\/usu1756\/2021\/02\/Archivo_002.jpeg\"><img loading=\"lazy\" decoding=\"async\" class=\"wp-image-3989 aligncenter\" src=\"https:\/\/agora.xtec.cat\/ceip-marinada-barcelona\/wp-content\/uploads\/usu1756\/2021\/02\/Archivo_002-1008x1024.jpeg\" alt=\"\" width=\"753\" height=\"764\" srcset=\"https:\/\/agora.xtec.cat\/ceip-marinada-barcelona\/wp-content\/uploads\/usu1756\/2021\/02\/Archivo_002-1008x1024.jpeg 1008w, https:\/\/agora.xtec.cat\/ceip-marinada-barcelona\/wp-content\/uploads\/usu1756\/2021\/02\/Archivo_002-295x300.jpeg 295w, https:\/\/agora.xtec.cat\/ceip-marinada-barcelona\/wp-content\/uploads\/usu1756\/2021\/02\/Archivo_002-768x780.jpeg 768w, https:\/\/agora.xtec.cat\/ceip-marinada-barcelona\/wp-content\/uploads\/usu1756\/2021\/02\/Archivo_002.jpeg 1800w\" sizes=\"auto, (max-width: 753px) 100vw, 753px\" \/><\/a><\/p>\n<p>&nbsp;<\/p>\n","protected":false},"excerpt":{"rendered":"<p>El conte del \u201cPeix Peixet\u201d ens ha ajudat a triar el nom de la classe. Ha estat una tasca dif\u00edcil, per\u00f2 finalment ha sortit un guanyador!Les votacions van quedar aix\u00ed:<a href=\"https:\/\/agora.xtec.cat\/ceip-marinada-barcelona\/wp-content\/uploads\/usu1756\/2021\/02\/Archivo_000.jpeg\"><\/a><br \/>\nPrimera votaci\u00f3.<br \/>\n<a href=\"https:\/\/agora.xtec.cat\/ceip-marinada-barcelona\/wp-content\/uploads\/usu1756\/2021\/02\/Archivo_001.jpeg\"><\/a><br \/>\nUn cop triat el nom, els hi pregunto: &#8220;Qu\u00e8 s\u00f3n els cargols?, Qu\u00e8&hellip;  <a href=\"https:\/\/agora.xtec.cat\/ceip-marinada-barcelona\/infantil\/p3-b-la-classe-dels-cargols\/\" title=\"Read Projecte: Nom de la classe de P3 B\">Llegeix m\u00e9s\u00bb<\/a><\/p>\n","protected":false},"author":1,"featured_media":0,"comment_status":"open","ping_status":"closed","sticky":false,"template":"","format":"standard","meta":{"_bbp_topic_count":0,"_bbp_reply_count":0,"_bbp_total_topic_count":0,"_bbp_total_reply_count":0,"_bbp_voice_count":0,"_bbp_anonymous_reply_count":0,"_bbp_topic_count_hidden":0,"_bbp_reply_count_hidden":0,"_bbp_forum_subforum_count":0,"footnotes":""},"categories":[2,3,4],"tags":[],"class_list":["post-3983","post","type-post","status-publish","format-standard","hentry","category-infantil","category-i3","category-portada"],"post_mailing_queue_ids":[],"_links":{"self":[{"href":"https:\/\/agora.xtec.cat\/ceip-marinada-barcelona\/wp-json\/wp\/v2\/posts\/3983","targetHints":{"allow":["GET"]}}],"collection":[{"href":"https:\/\/agora.xtec.cat\/ceip-marinada-barcelona\/wp-json\/wp\/v2\/posts"}],"about":[{"href":"https:\/\/agora.xtec.cat\/ceip-marinada-barcelona\/wp-json\/wp\/v2\/types\/post"}],"author":[{"embeddable":true,"href":"https:\/\/agora.xtec.cat\/ceip-marinada-barcelona\/wp-json\/wp\/v2\/users\/1"}],"replies":[{"embeddable":true,"href":"https:\/\/agora.xtec.cat\/ceip-marinada-barcelona\/wp-json\/wp\/v2\/comments?post=3983"}],"version-history":[{"count":2,"href":"https:\/\/agora.xtec.cat\/ceip-marinada-barcelona\/wp-json\/wp\/v2\/posts\/3983\/revisions"}],"predecessor-version":[{"id":4006,"href":"https:\/\/agora.xtec.cat\/ceip-marinada-barcelona\/wp-json\/wp\/v2\/posts\/3983\/revisions\/4006"}],"wp:attachment":[{"href":"https:\/\/agora.xtec.cat\/ceip-marinada-barcelona\/wp-json\/wp\/v2\/media?parent=3983"}],"wp:term":[{"taxonomy":"category","embeddable":true,"href":"https:\/\/agora.xtec.cat\/ceip-marinada-barcelona\/wp-json\/wp\/v2\/categories?post=3983"},{"taxonomy":"post_tag","embeddable":true,"href":"https:\/\/agora.xtec.cat\/ceip-marinada-barcelona\/wp-json\/wp\/v2\/tags?post=3983"}],"curies":[{"name":"wp","href":"https:\/\/api.w.org\/{rel}","templated":true}]}}